{"id":5844,"date":"2024-04-09T12:51:46","date_gmt":"2024-04-09T17:51:46","guid":{"rendered":"https:\/\/lifefm.ec\/?p=5844"},"modified":"2024-04-09T12:51:46","modified_gmt":"2024-04-09T17:51:46","slug":"uruguay-rechazo-solicitud-de-asilo-politico-del-exmandatario-peruano-alan-garcia-en-2018","status":"publish","type":"post","link":"https:\/\/lifefm.ec\/index.php\/2024\/04\/09\/uruguay-rechazo-solicitud-de-asilo-politico-del-exmandatario-peruano-alan-garcia-en-2018\/","title":{"rendered":"URUGUAY RECHAZ\u00d3 SOLICITUD DE ASILO POL\u00cdTICO DEL EXMANDATARIO PERUANO ALAN GARC\u00cdA EN 2018"},"content":{"rendered":"<blockquote><p>Los pol\u00edticos latinoamericanos buscan refugio en embajadas de pa\u00edses afines ideol\u00f3gicamente para protegerse de acusaciones por delitos contra la administraci\u00f3n.<\/p><\/blockquote>\n<p>Algunas acusaciones tienen motivaciones pol\u00edticas, lo que lleva a la concesi\u00f3n de asilo diplom\u00e1tico, mientras que otras se refieren a investigaciones o acusaciones por delitos comunes.<\/p>\n<p>Un caso notable ocurri\u00f3 en 2018, implicando a Per\u00fa y Uruguay en relaci\u00f3n con el expresidente Alan Garc\u00eda. Garc\u00eda, quien ocup\u00f3 la Presidencia en dos ocasiones entre 1985 y 1990, y nuevamente entre 2006 y 2011, se enfrent\u00f3 a una investigaci\u00f3n durante su segundo mandato que eventualmente condujo a su detenci\u00f3n provisional.<\/p>\n<p>En 2013, se intent\u00f3 formar una comisi\u00f3n para investigar irregularidades en su gobierno, pero se present\u00f3 una acci\u00f3n judicial por supuesta violaci\u00f3n del debido proceso. Posteriormente, el esc\u00e1ndalo de corrupci\u00f3n de la empresa Odebrecht implic\u00f3 a varios gobiernos, incluido el de Garc\u00eda, quien fue acusado de recibir millones de d\u00f3lares en sobornos. Garc\u00eda neg\u00f3 estas acusaciones.<\/p>\n<p>Aunque se emiti\u00f3 una orden de impedimento de salida del pa\u00eds en relaci\u00f3n con el caso de la L\u00ednea 1 del Metro de Lima, Garc\u00eda busc\u00f3 refugio en la embajada de Uruguay en Per\u00fa.<\/p>\n<p>Sin embargo, tras dos semanas, Uruguay deneg\u00f3 su solicitud de asilo, argumentando que los tres poderes del Estado funcionaban de manera aut\u00f3noma y libre, y que no pod\u00edan otorgar asilo a personas inculpadas o procesadas por delitos comunes ante tribunales ordinarios.<\/p>\n<p>En 2019, despu\u00e9s de emitirse una orden de detenci\u00f3n preliminar, Garc\u00eda se suicid\u00f3 antes de ser detenido, lo que caus\u00f3 conmoci\u00f3n en Per\u00fa.<\/p>\n<p>&nbsp;<\/p>\n<p>F: El Universo<\/p>\n<p>#Life #LifeNoticias #RadioLife995FM #InformativoLife #Babahoyo #ThiIsLife #SintonizaLaVida<\/p>\n","protected":false},"excerpt":{"rendered":"<p>Los pol\u00edticos latinoamericanos buscan refugio en embajadas de pa\u00edses afines ideol\u00f3gicamente para protegerse de acusaciones por delitos contra la administraci\u00f3n. Algunas acusaciones tienen motivaciones pol\u00edticas, lo que lleva a la concesi\u00f3n de asilo diplom\u00e1tico, mientras que otras se refieren a investigaciones o acusaciones por delitos comunes. Un caso notable ocurri\u00f3 en 2018, implicando a Per\u00fa [&hellip;]<\/p>\n","protected":false},"author":1,"featured_media":5845,"comment_status":"open","ping_status":"closed","sticky":false,"template":"","format":"standard","meta":{"footnotes":""},"categories":[23],"tags":[],"class_list":["post-5844","post","type-post","status-publish","format-standard","has-post-thumbnail","hentry","category-el-mundo"],"_links":{"self":[{"href":"https:\/\/lifefm.ec\/index.php\/wp-json\/wp\/v2\/posts\/5844","targetHints":{"allow":["GET"]}}],"collection":[{"href":"https:\/\/lifefm.ec\/index.php\/wp-json\/wp\/v2\/posts"}],"about":[{"href":"https:\/\/lifefm.ec\/index.php\/wp-json\/wp\/v2\/types\/post"}],"author":[{"embeddable":true,"href":"https:\/\/lifefm.ec\/index.php\/wp-json\/wp\/v2\/users\/1"}],"replies":[{"embeddable":true,"href":"https:\/\/lifefm.ec\/index.php\/wp-json\/wp\/v2\/comments?post=5844"}],"version-history":[{"count":1,"href":"https:\/\/lifefm.ec\/index.php\/wp-json\/wp\/v2\/posts\/5844\/revisions"}],"predecessor-version":[{"id":5846,"href":"https:\/\/lifefm.ec\/index.php\/wp-json\/wp\/v2\/posts\/5844\/revisions\/5846"}],"wp:featuredmedia":[{"embeddable":true,"href":"https:\/\/lifefm.ec\/index.php\/wp-json\/wp\/v2\/media\/5845"}],"wp:attachment":[{"href":"https:\/\/lifefm.ec\/index.php\/wp-json\/wp\/v2\/media?parent=5844"}],"wp:term":[{"taxonomy":"category","embeddable":true,"href":"https:\/\/lifefm.ec\/index.php\/wp-json\/wp\/v2\/categories?post=5844"},{"taxonomy":"post_tag","embeddable":true,"href":"https:\/\/lifefm.ec\/index.php\/wp-json\/wp\/v2\/tags?post=5844"}],"curies":[{"name":"wp","href":"https:\/\/api.w.org\/{rel}","templated":true}]}}