{"id":5821,"date":"2024-04-09T11:57:26","date_gmt":"2024-04-09T16:57:26","guid":{"rendered":"https:\/\/lifefm.ec\/?p=5821"},"modified":"2024-04-09T11:57:26","modified_gmt":"2024-04-09T16:57:26","slug":"un-periodista-mexicano-afirma-que-la-accion-del-gobierno-de-ecuador-hacia-la-embajada-de-mexico-genera-indignacion-permanente","status":"publish","type":"post","link":"https:\/\/lifefm.ec\/index.php\/2024\/04\/09\/un-periodista-mexicano-afirma-que-la-accion-del-gobierno-de-ecuador-hacia-la-embajada-de-mexico-genera-indignacion-permanente\/","title":{"rendered":"UN PERIODISTA MEXICANO AFIRMA QUE LA ACCI\u00d3N DEL GOBIERNO DE ECUADOR HACIA LA EMBAJADA DE M\u00c9XICO GENERA INDIGNACI\u00d3N PERMANENTE"},"content":{"rendered":"<blockquote><p>El ambiente de tensi\u00f3n persiste en M\u00e9xico, con cuatro d\u00edas transcurridos desde que la embajada mexicana en Quito fue intervenida por la Polic\u00eda Nacional del Ecuador en su intento por arrestar a Jorge Glas, quien buscaba asilo pol\u00edtico.<\/p><\/blockquote>\n<p>La ruptura de las relaciones diplom\u00e1ticas entre ambos pa\u00edses ha avivado el descontento de la poblaci\u00f3n, que culpa a sus l\u00edderes por las decisiones que desencadenaron el conflicto internacional.<\/p>\n<p>Juan Pablo P\u00e9rez, un periodista pol\u00edtico mexicano, ha destacado la indignaci\u00f3n en su pa\u00eds hacia la acci\u00f3n del gobierno ecuatoriano contra la embajada mexicana, as\u00ed como el malestar generado por los comentarios y acciones del presidente L\u00f3pez Obrador hacia otras naciones.<\/p>\n<p>Durante una entrevista en el programa \u00abAs\u00ed Amaneci\u00f3\u00bb de Radio City (89.3FM en Guayaquil), P\u00e9rez explic\u00f3 que muchos mexicanos responsabilizan al presidente L\u00f3pez Obrador por sus declaraciones, las cuales han contribuido a otro enfrentamiento diplom\u00e1tico.<\/p>\n<p>\u00abEstamos enfrentando tensiones originadas a partir de una declaraci\u00f3n del presidente L\u00f3pez Obrador\u00bb, se\u00f1al\u00f3 el periodista, mientras cuestionaba la concesi\u00f3n de asilo al exvicepresidente ecuatoriano.<\/p>\n<p>Para P\u00e9rez, Jorge Glas no es equiparable a Julian Assange en la embajada ecuatoriana en Londres, sino que es considerado un delincuente en su pa\u00eds de origen. Expres\u00f3 que M\u00e9xico no deber\u00eda haber brindado asilo a un pol\u00edtico extranjero condenado por delitos en su pa\u00eds.<\/p>\n<p>Sin embargo, P\u00e9rez enfatiz\u00f3 que la posici\u00f3n de L\u00f3pez Obrador no absuelve a Ecuador de la responsabilidad por la violaci\u00f3n de la soberan\u00eda mexicana al ingresar a la embajada para capturar a Glas.<\/p>\n<p>\u00abEcuador no debi\u00f3 haber vulnerado la soberan\u00eda de M\u00e9xico\u00bb, afirm\u00f3 el periodista, instando a que se imponga un castigo por dicha acci\u00f3n.<\/p>\n<p>&nbsp;<\/p>\n<p>F: El Universo<\/p>\n<p>#Life #LifeNoticias #RadioLife995FM #InformativoLife #Babahoyo #ThiIsLife #SintonizaLaVida<\/p>\n","protected":false},"excerpt":{"rendered":"<p>El ambiente de tensi\u00f3n persiste en M\u00e9xico, con cuatro d\u00edas transcurridos desde que la embajada mexicana en Quito fue intervenida por la Polic\u00eda Nacional del Ecuador en su intento por arrestar a Jorge Glas, quien buscaba asilo pol\u00edtico. La ruptura de las relaciones diplom\u00e1ticas entre ambos pa\u00edses ha avivado el descontento de la poblaci\u00f3n, que [&hellip;]<\/p>\n","protected":false},"author":1,"featured_media":5822,"comment_status":"open","ping_status":"closed","sticky":false,"template":"","format":"standard","meta":{"footnotes":""},"categories":[23],"tags":[],"class_list":["post-5821","post","type-post","status-publish","format-standard","has-post-thumbnail","hentry","category-el-mundo"],"_links":{"self":[{"href":"https:\/\/lifefm.ec\/index.php\/wp-json\/wp\/v2\/posts\/5821","targetHints":{"allow":["GET"]}}],"collection":[{"href":"https:\/\/lifefm.ec\/index.php\/wp-json\/wp\/v2\/posts"}],"about":[{"href":"https:\/\/lifefm.ec\/index.php\/wp-json\/wp\/v2\/types\/post"}],"author":[{"embeddable":true,"href":"https:\/\/lifefm.ec\/index.php\/wp-json\/wp\/v2\/users\/1"}],"replies":[{"embeddable":true,"href":"https:\/\/lifefm.ec\/index.php\/wp-json\/wp\/v2\/comments?post=5821"}],"version-history":[{"count":1,"href":"https:\/\/lifefm.ec\/index.php\/wp-json\/wp\/v2\/posts\/5821\/revisions"}],"predecessor-version":[{"id":5823,"href":"https:\/\/lifefm.ec\/index.php\/wp-json\/wp\/v2\/posts\/5821\/revisions\/5823"}],"wp:featuredmedia":[{"embeddable":true,"href":"https:\/\/lifefm.ec\/index.php\/wp-json\/wp\/v2\/media\/5822"}],"wp:attachment":[{"href":"https:\/\/lifefm.ec\/index.php\/wp-json\/wp\/v2\/media?parent=5821"}],"wp:term":[{"taxonomy":"category","embeddable":true,"href":"https:\/\/lifefm.ec\/index.php\/wp-json\/wp\/v2\/categories?post=5821"},{"taxonomy":"post_tag","embeddable":true,"href":"https:\/\/lifefm.ec\/index.php\/wp-json\/wp\/v2\/tags?post=5821"}],"curies":[{"name":"wp","href":"https:\/\/api.w.org\/{rel}","templated":true}]}}