{"id":5776,"date":"2024-04-08T12:47:51","date_gmt":"2024-04-08T17:47:51","guid":{"rendered":"https:\/\/lifefm.ec\/?p=5776"},"modified":"2024-04-08T12:47:51","modified_gmt":"2024-04-08T17:47:51","slug":"la-canciller-mexicana-alega-que-militares-ecuatorianos-apuntaron-con-un-arma-al-jefe-de-la-cancilleria-en-la-embajada","status":"publish","type":"post","link":"https:\/\/lifefm.ec\/index.php\/2024\/04\/08\/la-canciller-mexicana-alega-que-militares-ecuatorianos-apuntaron-con-un-arma-al-jefe-de-la-cancilleria-en-la-embajada\/","title":{"rendered":"LA CANCILLER MEXICANA ALEGA QUE MILITARES ECUATORIANOS APUNTARON CON UN ARMA AL JEFE DE LA CANCILLER\u00cdA EN LA EMBAJADA"},"content":{"rendered":"<blockquote><p>M\u00e9xico tomar\u00e1 acciones legales ante la Corte Internacional de Justicia tras el incidente en la embajada en Quito.<\/p><\/blockquote>\n<p>El viernes pasado, fuerzas ecuatorianas entraron a la embajada mexicana para arrestar al exvicepresidente Jorge Glas, quien ten\u00eda estatus de hu\u00e9sped y hab\u00eda sido ofrecido asilo por M\u00e9xico el mismo d\u00eda, una medida rechazada por Ecuador debido a las condenas previas de Glas.<\/p>\n<p>En una transmisi\u00f3n matutina liderada por el presidente Manuel L\u00f3pez Obrador el lunes 8 de abril, la canciller Alicia B\u00e1rcena explic\u00f3 la situaci\u00f3n entre los dos pa\u00edses, anunciando la ruptura de relaciones diplom\u00e1ticas. B\u00e1rcena denunci\u00f3 el ingreso no autorizado de las fuerzas ecuatorianas y acus\u00f3 agresiones f\u00edsicas al personal diplom\u00e1tico.<\/p>\n<p>Se revel\u00f3 una cronolog\u00eda detallada de los eventos ocurridos entre el 4 y el 5 de abril, incluyendo la declaraci\u00f3n de persona no grata a la embajadora mexicana y el otorgamiento de asilo a Glas. Tambi\u00e9n se mencion\u00f3 el ingreso violento de las fuerzas uniformadas a la embajada y la amenaza armada al jefe de Canciller\u00eda, as\u00ed como la neutralizaci\u00f3n del personal de seguridad.<\/p>\n<p>B\u00e1rcena inform\u00f3 que al menos 29 pa\u00edses y diversos organismos internacionales han expresado su respaldo al gobierno mexicano.<\/p>\n<p>Entre las medidas a tomar se encuentran la presentaci\u00f3n de una demanda ante la Corte Internacional de Justicia, la solicitud de respaldo a los pa\u00edses de la CELAC (excepto Ecuador), y el env\u00edo de una carta al secretario general de las Naciones Unidas para presentar el caso ante la membres\u00eda completa de la ONU, el Consejo de Derechos Humanos y la Asamblea General.<\/p>\n<p>&nbsp;<\/p>\n<p>F: El Universo<\/p>\n<p>#Life #LifeNoticias #RadioLife995FM #InformativoLife #Babahoyo #ThiIsLife #SintonizaLaVida<\/p>\n","protected":false},"excerpt":{"rendered":"<p>M\u00e9xico tomar\u00e1 acciones legales ante la Corte Internacional de Justicia tras el incidente en la embajada en Quito. El viernes pasado, fuerzas ecuatorianas entraron a la embajada mexicana para arrestar al exvicepresidente Jorge Glas, quien ten\u00eda estatus de hu\u00e9sped y hab\u00eda sido ofrecido asilo por M\u00e9xico el mismo d\u00eda, una medida rechazada por Ecuador debido [&hellip;]<\/p>\n","protected":false},"author":1,"featured_media":5778,"comment_status":"open","ping_status":"closed","sticky":false,"template":"","format":"standard","meta":{"footnotes":""},"categories":[23],"tags":[],"class_list":["post-5776","post","type-post","status-publish","format-standard","has-post-thumbnail","hentry","category-el-mundo"],"_links":{"self":[{"href":"https:\/\/lifefm.ec\/index.php\/wp-json\/wp\/v2\/posts\/5776","targetHints":{"allow":["GET"]}}],"collection":[{"href":"https:\/\/lifefm.ec\/index.php\/wp-json\/wp\/v2\/posts"}],"about":[{"href":"https:\/\/lifefm.ec\/index.php\/wp-json\/wp\/v2\/types\/post"}],"author":[{"embeddable":true,"href":"https:\/\/lifefm.ec\/index.php\/wp-json\/wp\/v2\/users\/1"}],"replies":[{"embeddable":true,"href":"https:\/\/lifefm.ec\/index.php\/wp-json\/wp\/v2\/comments?post=5776"}],"version-history":[{"count":1,"href":"https:\/\/lifefm.ec\/index.php\/wp-json\/wp\/v2\/posts\/5776\/revisions"}],"predecessor-version":[{"id":5779,"href":"https:\/\/lifefm.ec\/index.php\/wp-json\/wp\/v2\/posts\/5776\/revisions\/5779"}],"wp:featuredmedia":[{"embeddable":true,"href":"https:\/\/lifefm.ec\/index.php\/wp-json\/wp\/v2\/media\/5778"}],"wp:attachment":[{"href":"https:\/\/lifefm.ec\/index.php\/wp-json\/wp\/v2\/media?parent=5776"}],"wp:term":[{"taxonomy":"category","embeddable":true,"href":"https:\/\/lifefm.ec\/index.php\/wp-json\/wp\/v2\/categories?post=5776"},{"taxonomy":"post_tag","embeddable":true,"href":"https:\/\/lifefm.ec\/index.php\/wp-json\/wp\/v2\/tags?post=5776"}],"curies":[{"name":"wp","href":"https:\/\/api.w.org\/{rel}","templated":true}]}}