{"id":5744,"date":"2024-04-08T10:21:40","date_gmt":"2024-04-08T15:21:40","guid":{"rendered":"https:\/\/lifefm.ec\/?p=5744"},"modified":"2024-04-08T10:21:40","modified_gmt":"2024-04-08T15:21:40","slug":"wilma-andrade-presenta-sus-cartas-credenciales-al-rey-felipe-vi","status":"publish","type":"post","link":"https:\/\/lifefm.ec\/index.php\/2024\/04\/08\/wilma-andrade-presenta-sus-cartas-credenciales-al-rey-felipe-vi\/","title":{"rendered":"WILMA ANDRADE PRESENTA SUS CARTAS CREDENCIALES AL REY FELIPE VI"},"content":{"rendered":"<blockquote><p>La nueva embajadora de Ecuador en Espa\u00f1a, Wilma Andrade, present\u00f3 sus cartas credenciales al rey Felipe VI. Este evento tuvo lugar un d\u00eda despu\u00e9s de la protesta oficial del Gobierno espa\u00f1ol por la intervenci\u00f3n policial en la embajada de M\u00e9xico en Quito.<\/p><\/blockquote>\n<p>Tras la ceremonia en el Palacio Real, Andrade sostuvo una reuni\u00f3n con el monarca para discutir el estado de las relaciones bilaterales entre ambos pa\u00edses. Durante este encuentro, la embajadora transmiti\u00f3 los saludos del presidente de Ecuador, Daniel Noboa, y expres\u00f3 su compromiso de fortalecer los lazos comerciales y culturales entre ambas naciones, as\u00ed como de promover la cultura ecuatoriana en Espa\u00f1a.<\/p>\n<p>Adem\u00e1s, Andrade extendi\u00f3 la invitaci\u00f3n del presidente Noboa para la participaci\u00f3n del rey en la XXIX Cumbre Iberoamericana de Jefes de Estado, programada para noviembre en la ciudad de Cuenca, seg\u00fan inform\u00f3 la embajada ecuatoriana en Madrid.<\/p>\n<p>El ministro espa\u00f1ol de Asuntos Exteriores, Jos\u00e9 Manuel Albares, conden\u00f3 el domingo la incursi\u00f3n policial en la embajada mexicana en Quito como un acto grave que viola el principio de inviolabilidad de las misiones diplom\u00e1ticas.<\/p>\n<p>Esta intervenci\u00f3n ten\u00eda como objetivo arrestar al exvicepresidente ecuatoriano Jorge Glas, quien hab\u00eda sido condenado por corrupci\u00f3n y hab\u00eda recibido asilo pol\u00edtico en M\u00e9xico.<\/p>\n<p>La reacci\u00f3n de M\u00e9xico al romper relaciones diplom\u00e1ticas con Ecuador en respuesta a este incidente ha generado preocupaci\u00f3n y rechazo por parte de otras naciones.<\/p>\n<p>Andrade, de 67 a\u00f1os y exparlamentaria del partido Izquierda Democr\u00e1tica, fue designada como embajadora de Ecuador en Madrid el 22 de enero, coincidiendo con la visita del presidente Noboa a Espa\u00f1a.<\/p>\n<p>Adem\u00e1s de Andrade, otros diplom\u00e1ticos tambi\u00e9n presentaron sus credenciales al rey, incluyendo representantes de Panam\u00e1, Argelia, Uzbekist\u00e1n, Albania y Serbia. Esta ceremonia formal les otorga plenos poderes para ejercer sus funciones como embajadores en Espa\u00f1a.<\/p>\n<p>En el caso de Argelia, el restablecimiento de relaciones bilaterales con Espa\u00f1a tuvo lugar el 14 de noviembre, tras una crisis diplom\u00e1tica de un a\u00f1o y medio provocada por el respaldo espa\u00f1ol a la autonom\u00eda del S\u00e1hara Occidental dentro de las fronteras marroqu\u00edes, lo que contrastaba con el apoyo tradicional al refer\u00e9ndum de autodeterminaci\u00f3n de esa regi\u00f3n.<\/p>\n<p>Esta postura llev\u00f3 a Argelia a retirar su embajador de Madrid en marzo de 2022.<\/p>\n<p>&nbsp;<\/p>\n<p>F: El Universo<\/p>\n<p>#Life #LifeNoticias #RadioLife995FM #InformativoLife #Babahoyo #ThiIsLife #SintonizaLaVida<\/p>\n","protected":false},"excerpt":{"rendered":"<p>La nueva embajadora de Ecuador en Espa\u00f1a, Wilma Andrade, present\u00f3 sus cartas credenciales al rey Felipe VI. Este evento tuvo lugar un d\u00eda despu\u00e9s de la protesta oficial del Gobierno espa\u00f1ol por la intervenci\u00f3n policial en la embajada de M\u00e9xico en Quito. Tras la ceremonia en el Palacio Real, Andrade sostuvo una reuni\u00f3n con el [&hellip;]<\/p>\n","protected":false},"author":1,"featured_media":5745,"comment_status":"open","ping_status":"closed","sticky":false,"template":"","format":"standard","meta":{"footnotes":""},"categories":[23],"tags":[],"class_list":["post-5744","post","type-post","status-publish","format-standard","has-post-thumbnail","hentry","category-el-mundo"],"_links":{"self":[{"href":"https:\/\/lifefm.ec\/index.php\/wp-json\/wp\/v2\/posts\/5744","targetHints":{"allow":["GET"]}}],"collection":[{"href":"https:\/\/lifefm.ec\/index.php\/wp-json\/wp\/v2\/posts"}],"about":[{"href":"https:\/\/lifefm.ec\/index.php\/wp-json\/wp\/v2\/types\/post"}],"author":[{"embeddable":true,"href":"https:\/\/lifefm.ec\/index.php\/wp-json\/wp\/v2\/users\/1"}],"replies":[{"embeddable":true,"href":"https:\/\/lifefm.ec\/index.php\/wp-json\/wp\/v2\/comments?post=5744"}],"version-history":[{"count":1,"href":"https:\/\/lifefm.ec\/index.php\/wp-json\/wp\/v2\/posts\/5744\/revisions"}],"predecessor-version":[{"id":5746,"href":"https:\/\/lifefm.ec\/index.php\/wp-json\/wp\/v2\/posts\/5744\/revisions\/5746"}],"wp:featuredmedia":[{"embeddable":true,"href":"https:\/\/lifefm.ec\/index.php\/wp-json\/wp\/v2\/media\/5745"}],"wp:attachment":[{"href":"https:\/\/lifefm.ec\/index.php\/wp-json\/wp\/v2\/media?parent=5744"}],"wp:term":[{"taxonomy":"category","embeddable":true,"href":"https:\/\/lifefm.ec\/index.php\/wp-json\/wp\/v2\/categories?post=5744"},{"taxonomy":"post_tag","embeddable":true,"href":"https:\/\/lifefm.ec\/index.php\/wp-json\/wp\/v2\/tags?post=5744"}],"curies":[{"name":"wp","href":"https:\/\/api.w.org\/{rel}","templated":true}]}}