{"id":5288,"date":"2024-03-27T10:49:35","date_gmt":"2024-03-27T15:49:35","guid":{"rendered":"https:\/\/lifefm.ec\/?p=5288"},"modified":"2024-03-27T10:49:35","modified_gmt":"2024-03-27T15:49:35","slug":"mexico-ecuador-y-colombia-concluyen-pacto-para-brindar-ayuda-financiera-a-personas-deportadas","status":"publish","type":"post","link":"https:\/\/lifefm.ec\/index.php\/2024\/03\/27\/mexico-ecuador-y-colombia-concluyen-pacto-para-brindar-ayuda-financiera-a-personas-deportadas\/","title":{"rendered":"M\u00c9XICO, ECUADOR Y COLOMBIA CONCLUYEN PACTO PARA BRINDAR AYUDA FINANCIERA A PERSONAS DEPORTADAS"},"content":{"rendered":"<blockquote><p>El Gobierno mexicano ha firmado un acuerdo con Colombia y Ecuador, similar al ya existente con Venezuela, para otorgar un pago mensual de 110 d\u00f3lares a migrantes repatriados bajo un programa de pr\u00e1cticas profesionales.<\/p><\/blockquote>\n<p>Esta iniciativa fue anunciada por el presidente Andr\u00e9s Manuel L\u00f3pez Obrador durante su conferencia matutina del martes.<\/p>\n<p>El presidente mencion\u00f3 que este apoyo se entregar\u00e1 con el objetivo de disminuir el flujo migratorio, aunque no proporcion\u00f3 detalles espec\u00edficos sobre el acuerdo. Hizo referencia al convenio previamente revelado por la canciller mexicana, Alicia B\u00e1rcena, en el que M\u00e9xico otorga el mismo monto a venezolanos repatriados bajo programas de aprendices profesionales y para campesinos.<\/p>\n<p>El anuncio de este pacto ha generado cr\u00edticas por parte de la oposici\u00f3n mexicana, incluida la candidata presidencial X\u00f3chitl G\u00e1lvez, quien lo ha calificado como \u00abilegal\u00bb. No obstante, L\u00f3pez Obrador defendi\u00f3 la medida argumentando que es m\u00e1s efectivo y humano proporcionar ingresos a los migrantes para que permanezcan en sus pa\u00edses de origen.<\/p>\n<p>El presidente destac\u00f3 que M\u00e9xico tiene uno de los niveles m\u00e1s bajos de desempleo a nivel mundial, y subray\u00f3 la importancia de ayudar a los migrantes en sus lugares de origen para reducir el flujo migratorio. Adem\u00e1s, critic\u00f3 la falta de apoyo financiero por parte del Gobierno de Estados Unidos para Am\u00e9rica Latina.<\/p>\n<p>Estos acuerdos se dan en medio del aumento de la migraci\u00f3n irregular a trav\u00e9s de M\u00e9xico, que experiment\u00f3 un incremento del 77,2 % en 2023, superando las 782.000 personas, seg\u00fan datos de la Unidad de Pol\u00edtica Migratoria del Gobierno.<\/p>\n<p>&nbsp;<\/p>\n<p>F: El Universo<\/p>\n<p>#Life #LifeNoticias #RadioLife995FM #InformativoLife #Babahoyo #ThiIsLife #SintonizaLaVida<\/p>\n","protected":false},"excerpt":{"rendered":"<p>El Gobierno mexicano ha firmado un acuerdo con Colombia y Ecuador, similar al ya existente con Venezuela, para otorgar un pago mensual de 110 d\u00f3lares a migrantes repatriados bajo un programa de pr\u00e1cticas profesionales. Esta iniciativa fue anunciada por el presidente Andr\u00e9s Manuel L\u00f3pez Obrador durante su conferencia matutina del martes. El presidente mencion\u00f3 que [&hellip;]<\/p>\n","protected":false},"author":1,"featured_media":5290,"comment_status":"open","ping_status":"closed","sticky":false,"template":"","format":"standard","meta":{"footnotes":""},"categories":[23],"tags":[],"class_list":["post-5288","post","type-post","status-publish","format-standard","has-post-thumbnail","hentry","category-el-mundo"],"_links":{"self":[{"href":"https:\/\/lifefm.ec\/index.php\/wp-json\/wp\/v2\/posts\/5288","targetHints":{"allow":["GET"]}}],"collection":[{"href":"https:\/\/lifefm.ec\/index.php\/wp-json\/wp\/v2\/posts"}],"about":[{"href":"https:\/\/lifefm.ec\/index.php\/wp-json\/wp\/v2\/types\/post"}],"author":[{"embeddable":true,"href":"https:\/\/lifefm.ec\/index.php\/wp-json\/wp\/v2\/users\/1"}],"replies":[{"embeddable":true,"href":"https:\/\/lifefm.ec\/index.php\/wp-json\/wp\/v2\/comments?post=5288"}],"version-history":[{"count":1,"href":"https:\/\/lifefm.ec\/index.php\/wp-json\/wp\/v2\/posts\/5288\/revisions"}],"predecessor-version":[{"id":5291,"href":"https:\/\/lifefm.ec\/index.php\/wp-json\/wp\/v2\/posts\/5288\/revisions\/5291"}],"wp:featuredmedia":[{"embeddable":true,"href":"https:\/\/lifefm.ec\/index.php\/wp-json\/wp\/v2\/media\/5290"}],"wp:attachment":[{"href":"https:\/\/lifefm.ec\/index.php\/wp-json\/wp\/v2\/media?parent=5288"}],"wp:term":[{"taxonomy":"category","embeddable":true,"href":"https:\/\/lifefm.ec\/index.php\/wp-json\/wp\/v2\/categories?post=5288"},{"taxonomy":"post_tag","embeddable":true,"href":"https:\/\/lifefm.ec\/index.php\/wp-json\/wp\/v2\/tags?post=5288"}],"curies":[{"name":"wp","href":"https:\/\/api.w.org\/{rel}","templated":true}]}}