{"id":5278,"date":"2024-03-27T10:32:40","date_gmt":"2024-03-27T15:32:40","guid":{"rendered":"https:\/\/lifefm.ec\/?p=5278"},"modified":"2024-03-27T10:32:40","modified_gmt":"2024-03-27T15:32:40","slug":"israel-alego-que-el-presidente-colombiano-gustavo-petro-brinda-respaldo-a-los-terroristas-de-hamas","status":"publish","type":"post","link":"https:\/\/lifefm.ec\/index.php\/2024\/03\/27\/israel-alego-que-el-presidente-colombiano-gustavo-petro-brinda-respaldo-a-los-terroristas-de-hamas\/","title":{"rendered":"ISRAEL ALEG\u00d3 QUE EL PRESIDENTE COLOMBIANO GUSTAVO PETRO BRINDA RESPALDO A LOS &#8216;TERRORISTAS DE HAM\u00c1S&#8217;"},"content":{"rendered":"<blockquote><p>El ej\u00e9rcito israel\u00ed anunci\u00f3 el martes la eliminaci\u00f3n de Marwan Isa, considerado el n\u00famero 2 del brazo armado de Ham\u00e1s, en un bombardeo en Gaza.<\/p><\/blockquote>\n<p>El presidente colombiano, Gustavo Petro, inst\u00f3 a la comunidad internacional a cortar lazos diplom\u00e1ticos con Israel en caso de que incumpla un alto el fuego en Gaza, seg\u00fan lo propuesto.<\/p>\n<p>El Consejo de Seguridad de la ONU aprob\u00f3 una resoluci\u00f3n para instaurar un alto el fuego en la guerra de Gaza, con m\u00e1s de 32.000 v\u00edctimas en menos de seis meses seg\u00fan el ministerio de salud palestino. La resoluci\u00f3n cont\u00f3 con 14 votos a favor y una abstenci\u00f3n de Estados Unidos.<\/p>\n<p>Ante esta resoluci\u00f3n, el presidente colombiano manifest\u00f3 su posici\u00f3n en redes sociales, siendo criticado por el ministro israel\u00ed de Asuntos Exteriores, Israel Katz, quien calific\u00f3 el apoyo de Petro a Ham\u00e1s como una \u00abverg\u00fcenza para el pueblo colombiano\u00bb.<\/p>\n<p>La reacci\u00f3n de Israel ante la resoluci\u00f3n de la ONU incluy\u00f3 la cancelaci\u00f3n de un env\u00edo de funcionarios a Washington y la retirada de negociadores de Doha, lo que enfureci\u00f3 al primer ministro israel\u00ed, Benjam\u00edn Netanyahu.<\/p>\n<p>Aunque en el pasado Petro ha amenazado con suspender relaciones con Israel, estas advertencias a\u00fan no se han concretado, elevando la tensi\u00f3n entre ambos pa\u00edses y generando desencuentros diplom\u00e1ticos.<\/p>\n<p>&nbsp;<\/p>\n<p>F: El Universo<\/p>\n<p>#Life #LifeNoticias #RadioLife995FM #InformativoLife #Babahoyo #ThiIsLife #SintonizaLaVida<\/p>\n","protected":false},"excerpt":{"rendered":"<p>El ej\u00e9rcito israel\u00ed anunci\u00f3 el martes la eliminaci\u00f3n de Marwan Isa, considerado el n\u00famero 2 del brazo armado de Ham\u00e1s, en un bombardeo en Gaza. El presidente colombiano, Gustavo Petro, inst\u00f3 a la comunidad internacional a cortar lazos diplom\u00e1ticos con Israel en caso de que incumpla un alto el fuego en Gaza, seg\u00fan lo propuesto. [&hellip;]<\/p>\n","protected":false},"author":1,"featured_media":5280,"comment_status":"open","ping_status":"closed","sticky":false,"template":"","format":"standard","meta":{"footnotes":""},"categories":[23],"tags":[],"class_list":["post-5278","post","type-post","status-publish","format-standard","has-post-thumbnail","hentry","category-el-mundo"],"_links":{"self":[{"href":"https:\/\/lifefm.ec\/index.php\/wp-json\/wp\/v2\/posts\/5278","targetHints":{"allow":["GET"]}}],"collection":[{"href":"https:\/\/lifefm.ec\/index.php\/wp-json\/wp\/v2\/posts"}],"about":[{"href":"https:\/\/lifefm.ec\/index.php\/wp-json\/wp\/v2\/types\/post"}],"author":[{"embeddable":true,"href":"https:\/\/lifefm.ec\/index.php\/wp-json\/wp\/v2\/users\/1"}],"replies":[{"embeddable":true,"href":"https:\/\/lifefm.ec\/index.php\/wp-json\/wp\/v2\/comments?post=5278"}],"version-history":[{"count":1,"href":"https:\/\/lifefm.ec\/index.php\/wp-json\/wp\/v2\/posts\/5278\/revisions"}],"predecessor-version":[{"id":5281,"href":"https:\/\/lifefm.ec\/index.php\/wp-json\/wp\/v2\/posts\/5278\/revisions\/5281"}],"wp:featuredmedia":[{"embeddable":true,"href":"https:\/\/lifefm.ec\/index.php\/wp-json\/wp\/v2\/media\/5280"}],"wp:attachment":[{"href":"https:\/\/lifefm.ec\/index.php\/wp-json\/wp\/v2\/media?parent=5278"}],"wp:term":[{"taxonomy":"category","embeddable":true,"href":"https:\/\/lifefm.ec\/index.php\/wp-json\/wp\/v2\/categories?post=5278"},{"taxonomy":"post_tag","embeddable":true,"href":"https:\/\/lifefm.ec\/index.php\/wp-json\/wp\/v2\/tags?post=5278"}],"curies":[{"name":"wp","href":"https:\/\/api.w.org\/{rel}","templated":true}]}}