{"id":5102,"date":"2024-03-26T09:28:56","date_gmt":"2024-03-26T14:28:56","guid":{"rendered":"https:\/\/lifefm.ec\/?p=5102"},"modified":"2024-03-26T09:28:56","modified_gmt":"2024-03-26T14:28:56","slug":"maluma-muestra-por-primera-vez-a-su-hija-paris-es-lo-mejor-que-he-vivido-en-mi-vida","status":"publish","type":"post","link":"https:\/\/lifefm.ec\/index.php\/2024\/03\/26\/maluma-muestra-por-primera-vez-a-su-hija-paris-es-lo-mejor-que-he-vivido-en-mi-vida\/","title":{"rendered":"MALUMA MUESTRA POR PRIMERA VEZ A SU HIJA PAR\u00cdS: \u201cES LO MEJOR QUE HE VIVIDO EN MI VIDA\u201d"},"content":{"rendered":"<blockquote>\n<p class=\"prose-text\" data-mrf-recirculation=\"Links article\">El cantante <b>Maluma <\/b>asegura que est\u00e1 viviendo la mejor etapa de su vida, desde que se estren\u00f3 como padre. Y, para demostrarlo, el reguetonero colombiano acaba de compartir en sus redes sociales una tierna sesi\u00f3n de fotos en la que muestra por primera vez a su hija Par\u00eds, que naci\u00f3 a inicios de este mes.<\/p>\n<\/blockquote>\n<p class=\"prose-text\" data-mrf-recirculation=\"Links article\">Justamente el artista de 30 a\u00f1os escribi\u00f3 al lado de las fotograf\u00edas que comparti\u00f3 en Instagram: \u201cMis primeros 15 d\u00edas como pap\u00e1, esto es lo mejor que he vivido en mi vida\u201d.<\/p>\n<p>El int\u00e9rprete de Junio se convirti\u00f3 en padre cuando su novia, la arquitecta colombiana Susana G\u00f3mez, dio a luz a su peque\u00f1ita el 9 de marzo.<\/p>\n<p data-mrf-recirculation=\"Links article\">Entre las instant\u00e1neas difundidas, el cantautor (cuyo nombre real es Juan Luis Londo\u00f1o) se mostr\u00f3 acostado junto a un oso de peluche, con su reci\u00e9n nacida durmiendo en su pecho. En otra imagen, est\u00e1 recostado en el sof\u00e1 de la sala viendo un partido de f\u00fatbol, en tanto que su \u2018Maluma baby\u2019 reposa sobre \u00e9l. En todas las gr\u00e1ficas apenas se aprecia las piernitas de la nena o una porci\u00f3n de su rostro, nunca se le puede observar de frente o de forma completa.<\/p>\n<p>Maluma adem\u00e1s ense\u00f1\u00f3 el interior de su vivienda decorada con flores, que fueron regalos de sus seres queridos por el nacimiento de su primog\u00e9nita, mientras aparece bailando con ella en brazos al son de <i>Is this love<\/i>, de Bob Marley.<\/p>\n<p>F: EL UNIVERSO<\/p>\n<p>#Life #LifeNoticias #RadioLife995FM #InformativoLife #Babahoyo #ThiIsLife #SintonizaLaVida<\/p>\n","protected":false},"excerpt":{"rendered":"<p>El cantante Maluma asegura que est\u00e1 viviendo la mejor etapa de su vida, desde que se estren\u00f3 como padre. Y, para demostrarlo, el reguetonero colombiano acaba de compartir en sus redes sociales una tierna sesi\u00f3n de fotos en la que muestra por primera vez a su hija Par\u00eds, que naci\u00f3 a inicios de este mes. [&hellip;]<\/p>\n","protected":false},"author":1,"featured_media":5104,"comment_status":"open","ping_status":"closed","sticky":false,"template":"","format":"standard","meta":{"footnotes":""},"categories":[24],"tags":[],"class_list":["post-5102","post","type-post","status-publish","format-standard","has-post-thumbnail","hentry","category-nacional"],"_links":{"self":[{"href":"https:\/\/lifefm.ec\/index.php\/wp-json\/wp\/v2\/posts\/5102","targetHints":{"allow":["GET"]}}],"collection":[{"href":"https:\/\/lifefm.ec\/index.php\/wp-json\/wp\/v2\/posts"}],"about":[{"href":"https:\/\/lifefm.ec\/index.php\/wp-json\/wp\/v2\/types\/post"}],"author":[{"embeddable":true,"href":"https:\/\/lifefm.ec\/index.php\/wp-json\/wp\/v2\/users\/1"}],"replies":[{"embeddable":true,"href":"https:\/\/lifefm.ec\/index.php\/wp-json\/wp\/v2\/comments?post=5102"}],"version-history":[{"count":1,"href":"https:\/\/lifefm.ec\/index.php\/wp-json\/wp\/v2\/posts\/5102\/revisions"}],"predecessor-version":[{"id":5109,"href":"https:\/\/lifefm.ec\/index.php\/wp-json\/wp\/v2\/posts\/5102\/revisions\/5109"}],"wp:featuredmedia":[{"embeddable":true,"href":"https:\/\/lifefm.ec\/index.php\/wp-json\/wp\/v2\/media\/5104"}],"wp:attachment":[{"href":"https:\/\/lifefm.ec\/index.php\/wp-json\/wp\/v2\/media?parent=5102"}],"wp:term":[{"taxonomy":"category","embeddable":true,"href":"https:\/\/lifefm.ec\/index.php\/wp-json\/wp\/v2\/categories?post=5102"},{"taxonomy":"post_tag","embeddable":true,"href":"https:\/\/lifefm.ec\/index.php\/wp-json\/wp\/v2\/tags?post=5102"}],"curies":[{"name":"wp","href":"https:\/\/api.w.org\/{rel}","templated":true}]}}