{"id":5048,"date":"2024-03-25T10:57:08","date_gmt":"2024-03-25T15:57:08","guid":{"rendered":"https:\/\/lifefm.ec\/?p=5048"},"modified":"2024-03-25T10:57:08","modified_gmt":"2024-03-25T15:57:08","slug":"militares-llegan-a-realizar-controles-en-san-vicente-tras-asesinato-de-la-alcaldesa-brigitte-garcia","status":"publish","type":"post","link":"https:\/\/lifefm.ec\/index.php\/2024\/03\/25\/militares-llegan-a-realizar-controles-en-san-vicente-tras-asesinato-de-la-alcaldesa-brigitte-garcia\/","title":{"rendered":"Militares llegan a realizar controles en San Vicente tras asesinato de la alcaldesa Brigitte Garc\u00eda"},"content":{"rendered":"<blockquote><p>Los uniformados llegaron, adem\u00e1s, a la parroquia Canoa, de donde era oriunda la funcionaria.<\/p><\/blockquote>\n<p class=\"prose-text\" data-mrf-recirculation=\"Links article\">Militares se desplegaron la tarde de este domingo, 24 de marzo, en el cant\u00f3n San Vicente, provincia de Manab\u00ed. Esto ocurre luego del asesinato de la alcaldesa de la ciudad, Brigitte Garc\u00eda, y Jairo Loor, su director de Comunicaci\u00f3n, cuyos cuerpos fueron hallados esta madrugada.<\/p>\n<p class=\"prose-text\" data-mrf-recirculation=\"Links article\">Ellos fueron encontrados muertos dentro de un veh\u00edculo, la madrugada de este domingo 24 de marzo, en la playa de Punta Napo.<\/p>\n<p class=\"prose-text\" data-mrf-recirculation=\"Links article\">Las Fuerzas Armadas realizaron operativos en las v\u00edas principales del cant\u00f3n. Revisaban veh\u00edculos y tambi\u00e9n a sus ocupantes.<\/p>\n<p class=\"prose-text\" data-mrf-recirculation=\"Links article\">Los militares llegaron, adem\u00e1s, a la parroquia Canoa, de donde era oriunda la alcaldesa. All\u00ed se ubicaron en las v\u00edas de ingreso y salida.<\/p>\n<p class=\"prose-text\" data-mrf-recirculation=\"Links article\">Ingresaron tambi\u00e9n en algunas viviendas como parte de los operativos.<\/p>\n<p data-mrf-recirculation=\"Links article\">En el distrito Sucre, que comprende tambi\u00e9n al cant\u00f3n San Vicente, ya se han registrado nueve asesinatos en lo que va del a\u00f1o, seg\u00fan datos de la Polic\u00eda.<\/p>\n<p data-mrf-recirculation=\"Links article\">\n<p data-mrf-recirculation=\"Links article\">FUENTE: El Universo<\/p>\n<p data-mrf-recirculation=\"Links article\">\n<p data-mrf-recirculation=\"Links article\">#Life #LifeNoticias #RadioLife995FM #InformativoLife #Babahoyo #ThiIsLife #SintonizaLaVida<\/p>\n","protected":false},"excerpt":{"rendered":"<p>Los uniformados llegaron, adem\u00e1s, a la parroquia Canoa, de donde era oriunda la funcionaria. Militares se desplegaron la tarde de este domingo, 24 de marzo, en el cant\u00f3n San Vicente, provincia de Manab\u00ed. Esto ocurre luego del asesinato de la alcaldesa de la ciudad, Brigitte Garc\u00eda, y Jairo Loor, su director de Comunicaci\u00f3n, cuyos cuerpos [&hellip;]<\/p>\n","protected":false},"author":1,"featured_media":5054,"comment_status":"open","ping_status":"closed","sticky":false,"template":"","format":"standard","meta":{"footnotes":""},"categories":[24],"tags":[],"class_list":["post-5048","post","type-post","status-publish","format-standard","has-post-thumbnail","hentry","category-nacional"],"_links":{"self":[{"href":"https:\/\/lifefm.ec\/index.php\/wp-json\/wp\/v2\/posts\/5048","targetHints":{"allow":["GET"]}}],"collection":[{"href":"https:\/\/lifefm.ec\/index.php\/wp-json\/wp\/v2\/posts"}],"about":[{"href":"https:\/\/lifefm.ec\/index.php\/wp-json\/wp\/v2\/types\/post"}],"author":[{"embeddable":true,"href":"https:\/\/lifefm.ec\/index.php\/wp-json\/wp\/v2\/users\/1"}],"replies":[{"embeddable":true,"href":"https:\/\/lifefm.ec\/index.php\/wp-json\/wp\/v2\/comments?post=5048"}],"version-history":[{"count":1,"href":"https:\/\/lifefm.ec\/index.php\/wp-json\/wp\/v2\/posts\/5048\/revisions"}],"predecessor-version":[{"id":5055,"href":"https:\/\/lifefm.ec\/index.php\/wp-json\/wp\/v2\/posts\/5048\/revisions\/5055"}],"wp:featuredmedia":[{"embeddable":true,"href":"https:\/\/lifefm.ec\/index.php\/wp-json\/wp\/v2\/media\/5054"}],"wp:attachment":[{"href":"https:\/\/lifefm.ec\/index.php\/wp-json\/wp\/v2\/media?parent=5048"}],"wp:term":[{"taxonomy":"category","embeddable":true,"href":"https:\/\/lifefm.ec\/index.php\/wp-json\/wp\/v2\/categories?post=5048"},{"taxonomy":"post_tag","embeddable":true,"href":"https:\/\/lifefm.ec\/index.php\/wp-json\/wp\/v2\/tags?post=5048"}],"curies":[{"name":"wp","href":"https:\/\/api.w.org\/{rel}","templated":true}]}}