{"id":5033,"date":"2024-03-25T10:37:59","date_gmt":"2024-03-25T15:37:59","guid":{"rendered":"https:\/\/lifefm.ec\/?p=5033"},"modified":"2024-03-25T10:37:59","modified_gmt":"2024-03-25T15:37:59","slug":"dura-caida-y-abandono-de-jhonatan-narvaez-en-la-gent-wevelgem","status":"publish","type":"post","link":"https:\/\/lifefm.ec\/index.php\/2024\/03\/25\/dura-caida-y-abandono-de-jhonatan-narvaez-en-la-gent-wevelgem\/","title":{"rendered":"DURA CA\u00cdDA Y ABANDONO DE JHONATAN NARV\u00c1EZ EN LA GENT-WEVELGEM"},"content":{"rendered":"<blockquote><p>Una nueva actuaci\u00f3n del clasic\u00f3mano ecuatoriano Jhonatan Narv\u00e1ez abri\u00f3 expectativa por su desempe\u00f1o este domingo en la Gent-Wevelgem, participaci\u00f3n cortada de forma abrupta por una ca\u00edda en el primer tramo de la prueba.<\/p><\/blockquote>\n<p>Con 149 kil\u00f3metros por disputarse en la prueba, el campe\u00f3n nacional sufri\u00f3 una ca\u00edda junto con su compa\u00f1ero Connor Swift (Ineos Grenadiers) y otros dos corredores del Israel Premier Tech.<\/p>\n<p>Ineos confirm\u00f3 que Narv\u00e1ez debi\u00f3 abandonar la carrera, pero no entreg\u00f3 detalles del estado del Lagarto.<\/p>\n<p>\u201cDesafortunadamente podemos confirmar que Jhonatan Narv\u00e1ez est\u00e1 fuera de Gent-Wevelgem despu\u00e9s de una ca\u00edda al principio de la carrera. Proporcionaremos una actualizaci\u00f3n a su debido tiempo\u201d, poste\u00f3 el equipo ingl\u00e9s.<\/p>\n<p>El sucumbisense, identificado entre el pelot\u00f3n por llevar el maillot de campe\u00f3n nacional de ruta, permaneci\u00f3 en el suelo hasta recibir asistencia m\u00e9dica, luego de lo cual se confirm\u00f3 su retiro.<\/p>\n<p>Narv\u00e1ez compiti\u00f3 esta semana en otra cl\u00e1sica belga, la E3 Saxo Classic donde batall\u00f3 entre los favoritos para ubicarse en la sexta ubicaci\u00f3n de la clasificaci\u00f3n general. El ganador fue el neerland\u00e9s Mathieu van der Poel, del equipo Alpecin-Deceuninck.<\/p>\n<p>En la Gent-Wevelgem, el ganador fue el dan\u00e9s Mads Pedersen, ciclista del Lidl-Trek.<\/p>\n<p>F: El Universo<\/p>\n<p>#Life #LifeNoticias #RadioLife995FM #InformativoLife #Babahoyo #ThiIsLife #SintonizaLaVida<\/p>\n<p>&nbsp;<\/p>\n<p>&nbsp;<\/p>\n","protected":false},"excerpt":{"rendered":"<p>Una nueva actuaci\u00f3n del clasic\u00f3mano ecuatoriano Jhonatan Narv\u00e1ez abri\u00f3 expectativa por su desempe\u00f1o este domingo en la Gent-Wevelgem, participaci\u00f3n cortada de forma abrupta por una ca\u00edda en el primer tramo de la prueba. Con 149 kil\u00f3metros por disputarse en la prueba, el campe\u00f3n nacional sufri\u00f3 una ca\u00edda junto con su compa\u00f1ero Connor Swift (Ineos Grenadiers) [&hellip;]<\/p>\n","protected":false},"author":1,"featured_media":5039,"comment_status":"open","ping_status":"closed","sticky":false,"template":"","format":"standard","meta":{"footnotes":""},"categories":[25],"tags":[],"class_list":["post-5033","post","type-post","status-publish","format-standard","has-post-thumbnail","hentry","category-deportes"],"_links":{"self":[{"href":"https:\/\/lifefm.ec\/index.php\/wp-json\/wp\/v2\/posts\/5033","targetHints":{"allow":["GET"]}}],"collection":[{"href":"https:\/\/lifefm.ec\/index.php\/wp-json\/wp\/v2\/posts"}],"about":[{"href":"https:\/\/lifefm.ec\/index.php\/wp-json\/wp\/v2\/types\/post"}],"author":[{"embeddable":true,"href":"https:\/\/lifefm.ec\/index.php\/wp-json\/wp\/v2\/users\/1"}],"replies":[{"embeddable":true,"href":"https:\/\/lifefm.ec\/index.php\/wp-json\/wp\/v2\/comments?post=5033"}],"version-history":[{"count":1,"href":"https:\/\/lifefm.ec\/index.php\/wp-json\/wp\/v2\/posts\/5033\/revisions"}],"predecessor-version":[{"id":5040,"href":"https:\/\/lifefm.ec\/index.php\/wp-json\/wp\/v2\/posts\/5033\/revisions\/5040"}],"wp:featuredmedia":[{"embeddable":true,"href":"https:\/\/lifefm.ec\/index.php\/wp-json\/wp\/v2\/media\/5039"}],"wp:attachment":[{"href":"https:\/\/lifefm.ec\/index.php\/wp-json\/wp\/v2\/media?parent=5033"}],"wp:term":[{"taxonomy":"category","embeddable":true,"href":"https:\/\/lifefm.ec\/index.php\/wp-json\/wp\/v2\/categories?post=5033"},{"taxonomy":"post_tag","embeddable":true,"href":"https:\/\/lifefm.ec\/index.php\/wp-json\/wp\/v2\/tags?post=5033"}],"curies":[{"name":"wp","href":"https:\/\/api.w.org\/{rel}","templated":true}]}}