{"id":4984,"date":"2024-03-25T09:37:21","date_gmt":"2024-03-25T14:37:21","guid":{"rendered":"https:\/\/lifefm.ec\/?p=4984"},"modified":"2024-03-25T09:37:21","modified_gmt":"2024-03-25T14:37:21","slug":"felix-sanchez-bas-el-gol-nos-condiciono-pero-el-equipo-demostro-personalidad","status":"publish","type":"post","link":"https:\/\/lifefm.ec\/index.php\/2024\/03\/25\/felix-sanchez-bas-el-gol-nos-condiciono-pero-el-equipo-demostro-personalidad\/","title":{"rendered":"F\u00c9LIX S\u00c1NCHEZ BAS: EL GOL NOS CONDICION\u00d3, PERO EL EQUIPO DEMOSTR\u00d3 PERSONALIDAD"},"content":{"rendered":"<blockquote><p>\u201cLecturas del partido hay todas las que queramos\u201d, dijo el seleccionador F\u00e9lix S\u00e1nchez Bas, luego de la derrota de Ecuador ante Italia por 2-0 en amistoso FIFA jugado este domingo en New Jersey.<\/p><\/blockquote>\n<p>Italia se adelant\u00f3 en el marcador con gol de Lorenzo Pellegrini a dos minutos del arranque, un gol que \u201ccondicion\u00f3\u201d el desarrollo del juego, seg\u00fan reconoci\u00f3 el estratega espa\u00f1ol. El 2-0 lleg\u00f3 al final, un contragolpe que defini\u00f3 Nicolo Barella (90+3 minutos).<\/p>\n<p>\u201cEl primo gol condicion\u00f3 mucho, pero el equipo ha demostrado una personalidad muy positiva, se sobrepuso y pudo generar peligro\u201d, dijo el timonel de la Tri.<\/p>\n<p>El partido fue el debut en el arco para Javier Burrai. \u201cEntr\u00f3 en en un partido muy dif\u00edcil, el primer bal\u00f3n lo tuvo que recoger en su porter\u00eda, no es f\u00e1cil reponerse a eso, pero ha demostrado que es un gran profesional, que tiene mucho nivel y nos puede ayudar mucho. Es interesante para nosotros\u201d, dijo el DT.<\/p>\n<p>De la respuesta del equipo, el seleccionador coment\u00f3 que \u201cel equipo fue de menos a m\u00e1s y hemos controlado las acciones del rival en el primer tiempo, en la segunda parte cambiamos un poco, todos sumaron, pero se debe considerar que hay un rival al frente que tiene jugadores en los mejores equipos de Europa, fue una oposici\u00f3n muy alta\u201d, apunt\u00f3.<\/p>\n<p>S\u00e1nchez Bas destac\u00f3 el concurso de los debutantes en estos dos partidos y enfatiz\u00f3 en Alan Mina, de buen accionar en sus dos actuaciones, lesionado ante los italianos, sin completar el partido.<\/p>\n<p>\u201cEs la primera vez que ha estado con nosotros, lo est\u00e1 haciendo muy bien en B\u00e9lgica (Cercle Brugge), lo usamos en banda, como carrilero ante Guatemala, y hoy (ante Italia) estuvo m\u00e1s por dentro en una posici\u00f3n m\u00e1s avanzada, desafortunadamente ha tenido esta lesi\u00f3n que esperamos sea leve\u201d, dijo.<\/p>\n<p>\u201cOjal\u00e1 pueda mantener esta din\u00e1mica en su club, Minda es un muchacho interesante, con buen trabajo en selecciones inferiores, en general estamos muy contentos de haber tenido la oportunidad que sumara minutos. Es uno m\u00e1s a tener en cuenta\u201d, cerr\u00f3 S\u00e1nchez Bas.<\/p>\n<p>F: El Universo<\/p>\n<p>#Life #LifeNoticias #RadioLife995FM #InformativoLife #Babahoyo #ThiIsLife #SintonizaLaVida<\/p>\n","protected":false},"excerpt":{"rendered":"<p>\u201cLecturas del partido hay todas las que queramos\u201d, dijo el seleccionador F\u00e9lix S\u00e1nchez Bas, luego de la derrota de Ecuador ante Italia por 2-0 en amistoso FIFA jugado este domingo en New Jersey. Italia se adelant\u00f3 en el marcador con gol de Lorenzo Pellegrini a dos minutos del arranque, un gol que \u201ccondicion\u00f3\u201d el desarrollo [&hellip;]<\/p>\n","protected":false},"author":1,"featured_media":4986,"comment_status":"open","ping_status":"closed","sticky":false,"template":"","format":"standard","meta":{"footnotes":""},"categories":[25],"tags":[],"class_list":["post-4984","post","type-post","status-publish","format-standard","has-post-thumbnail","hentry","category-deportes"],"_links":{"self":[{"href":"https:\/\/lifefm.ec\/index.php\/wp-json\/wp\/v2\/posts\/4984","targetHints":{"allow":["GET"]}}],"collection":[{"href":"https:\/\/lifefm.ec\/index.php\/wp-json\/wp\/v2\/posts"}],"about":[{"href":"https:\/\/lifefm.ec\/index.php\/wp-json\/wp\/v2\/types\/post"}],"author":[{"embeddable":true,"href":"https:\/\/lifefm.ec\/index.php\/wp-json\/wp\/v2\/users\/1"}],"replies":[{"embeddable":true,"href":"https:\/\/lifefm.ec\/index.php\/wp-json\/wp\/v2\/comments?post=4984"}],"version-history":[{"count":1,"href":"https:\/\/lifefm.ec\/index.php\/wp-json\/wp\/v2\/posts\/4984\/revisions"}],"predecessor-version":[{"id":4988,"href":"https:\/\/lifefm.ec\/index.php\/wp-json\/wp\/v2\/posts\/4984\/revisions\/4988"}],"wp:featuredmedia":[{"embeddable":true,"href":"https:\/\/lifefm.ec\/index.php\/wp-json\/wp\/v2\/media\/4986"}],"wp:attachment":[{"href":"https:\/\/lifefm.ec\/index.php\/wp-json\/wp\/v2\/media?parent=4984"}],"wp:term":[{"taxonomy":"category","embeddable":true,"href":"https:\/\/lifefm.ec\/index.php\/wp-json\/wp\/v2\/categories?post=4984"},{"taxonomy":"post_tag","embeddable":true,"href":"https:\/\/lifefm.ec\/index.php\/wp-json\/wp\/v2\/tags?post=4984"}],"curies":[{"name":"wp","href":"https:\/\/api.w.org\/{rel}","templated":true}]}}