{"id":4944,"date":"2024-03-22T12:22:39","date_gmt":"2024-03-22T17:22:39","guid":{"rendered":"https:\/\/lifefm.ec\/?p=4944"},"modified":"2024-03-22T12:22:39","modified_gmt":"2024-03-22T17:22:39","slug":"jhonatan-narvaez-batalla-ante-los-favoritos-en-la-e3-saxo-classic-el-triunfo-fue-para-mathieu-van-der-poel","status":"publish","type":"post","link":"https:\/\/lifefm.ec\/index.php\/2024\/03\/22\/jhonatan-narvaez-batalla-ante-los-favoritos-en-la-e3-saxo-classic-el-triunfo-fue-para-mathieu-van-der-poel\/","title":{"rendered":"JHONATAN NARV\u00c1EZ BATALLA ANTE LOS FAVORITOS EN LA E3 SAXO CLASSIC, EL TRIUNFO FUE PARA MATHIEU VAN DER POEL"},"content":{"rendered":"<blockquote><p>El campe\u00f3n mundial Mathieu van der Poel confirm\u00f3 su favoritismo y se qued\u00f3 con el triunfo en la E3 Saxo Classic, prueba en la localidad belga de Harelbeke en la que tuvo destacada actuaci\u00f3n el ecuatoriano Jhonatnan Narv\u00e1ez, sexto de la general tras pelear la punta con los favoritos.<\/p><\/blockquote>\n<p>Van der Poel destron\u00f3 al belga Wout van Aert, ganador de las dos \u00faltimas ediciones de la carrera, una batalla a la que entr\u00f3 el clasic\u00f3mano ecuatoriano Narv\u00e1ez (Ineos Grenadiers), \u00fanico representante latinoamericano en una modalidad en la que marcan hegemon\u00eda los europeos.<\/p>\n<p>Con el jersey de campe\u00f3n nacional, Narv\u00e1ez estuvo entre los favoritos, un grupo que fue por los fugados y que a falta de 40 kil\u00f3metros vio alejarse a van der Poel (Alpecin-Deceuninck) que se fue en solitario hasta la meta.<\/p>\n<p>Una ca\u00edda de van Aert (Visma-Like a Bike) marc\u00f3 el paso del grupo perseguidor, Narv\u00e1ez intent\u00f3 recortar la diferencia del neerland\u00e9s, que en una verdadera exhibici\u00f3n bajo el fr\u00edo y la lluvia se qued\u00f3 con el t\u00edtulo.<\/p>\n<p>En los kil\u00f3metros finales la pelea se centr\u00f3 en quienes completar\u00edan el podio, cinco corredores entre los que van Aert y Jasper Stuyven tomaron ventaja, para dejar atr\u00e1s a Narv\u00e1ez, Tim Wellens y Matteo Jorgenson.<\/p>\n<p>Van der Poel complet\u00f3 los 207,6 del recorrido en 4 horas 39 minutos 39 segundos. Van Aert y Stuyven llegaron juntos, pero el bicampe\u00f3n de la prueba no pele\u00f3 el esprint y dej\u00f3 que el corredor del Lidl-Trek se quede con el segundo lugar, a diferencia de 1 minuto 34 segundos del ganador.<\/p>\n<p>Wellens fue cuarto, Jorgenson ocup\u00f3 el quinto el puesto y Narv\u00e1ez fue sexto a 1 minuto 52 segundos, con m\u00e1s de un minuto de ventaja sobre un cuarto grupo que complet\u00f3 las posiciones principales en la clasificaci\u00f3n.<\/p>\n<p>\u201cCerramos la E3 Saxo Classic con Jhonatan Narv\u00e1ez luchando por un re\u00f1ido sexto puesto despu\u00e9s de un buen recorrido durante todo el trayecto\u201d, destac\u00f3 Ineos Granadiers.<\/p>\n<p>Narv\u00e1ez volver\u00e1 a tener otra oportunidad ante van der Poel el pr\u00f3ximo mi\u00e9rcoles cuando se midan en la Gent-Wevelgem, en la continuaci\u00f3n de la temporada de cl\u00e1sicas belgas, prueba para que Ineos anuncia al clasic\u00f3mano ecuatoriano.<\/p>\n<p>F: El Universo<\/p>\n<p>#Life #LifeNoticias #RadioLife995FM #InformativoLife #Babahoyo #ThiIsLife #SintonizaLaVida<\/p>\n<p>&nbsp;<\/p>\n","protected":false},"excerpt":{"rendered":"<p>El campe\u00f3n mundial Mathieu van der Poel confirm\u00f3 su favoritismo y se qued\u00f3 con el triunfo en la E3 Saxo Classic, prueba en la localidad belga de Harelbeke en la que tuvo destacada actuaci\u00f3n el ecuatoriano Jhonatnan Narv\u00e1ez, sexto de la general tras pelear la punta con los favoritos. Van der Poel destron\u00f3 al belga [&hellip;]<\/p>\n","protected":false},"author":1,"featured_media":4946,"comment_status":"open","ping_status":"closed","sticky":false,"template":"","format":"standard","meta":{"footnotes":""},"categories":[25],"tags":[],"class_list":["post-4944","post","type-post","status-publish","format-standard","has-post-thumbnail","hentry","category-deportes"],"_links":{"self":[{"href":"https:\/\/lifefm.ec\/index.php\/wp-json\/wp\/v2\/posts\/4944","targetHints":{"allow":["GET"]}}],"collection":[{"href":"https:\/\/lifefm.ec\/index.php\/wp-json\/wp\/v2\/posts"}],"about":[{"href":"https:\/\/lifefm.ec\/index.php\/wp-json\/wp\/v2\/types\/post"}],"author":[{"embeddable":true,"href":"https:\/\/lifefm.ec\/index.php\/wp-json\/wp\/v2\/users\/1"}],"replies":[{"embeddable":true,"href":"https:\/\/lifefm.ec\/index.php\/wp-json\/wp\/v2\/comments?post=4944"}],"version-history":[{"count":1,"href":"https:\/\/lifefm.ec\/index.php\/wp-json\/wp\/v2\/posts\/4944\/revisions"}],"predecessor-version":[{"id":4948,"href":"https:\/\/lifefm.ec\/index.php\/wp-json\/wp\/v2\/posts\/4944\/revisions\/4948"}],"wp:featuredmedia":[{"embeddable":true,"href":"https:\/\/lifefm.ec\/index.php\/wp-json\/wp\/v2\/media\/4946"}],"wp:attachment":[{"href":"https:\/\/lifefm.ec\/index.php\/wp-json\/wp\/v2\/media?parent=4944"}],"wp:term":[{"taxonomy":"category","embeddable":true,"href":"https:\/\/lifefm.ec\/index.php\/wp-json\/wp\/v2\/categories?post=4944"},{"taxonomy":"post_tag","embeddable":true,"href":"https:\/\/lifefm.ec\/index.php\/wp-json\/wp\/v2\/tags?post=4944"}],"curies":[{"name":"wp","href":"https:\/\/api.w.org\/{rel}","templated":true}]}}