{"id":4842,"date":"2024-03-21T12:50:23","date_gmt":"2024-03-21T17:50:23","guid":{"rendered":"https:\/\/lifefm.ec\/?p=4842"},"modified":"2024-03-21T12:55:07","modified_gmt":"2024-03-21T17:55:07","slug":"ecuador-es-una-seleccion-dura-segun-gianluigi-donnarumma-arquero-de-italia","status":"publish","type":"post","link":"https:\/\/lifefm.ec\/index.php\/2024\/03\/21\/ecuador-es-una-seleccion-dura-segun-gianluigi-donnarumma-arquero-de-italia\/","title":{"rendered":"ECUADOR ES \u00abUNA SELECCI\u00d3N DURA\u00bb, SEG\u00daN GIANLUIGI DONNARUMMA, ARQUERO DE ITALIA"},"content":{"rendered":"<blockquote><p>El golero del PSG elogi\u00f3 al equipo de F\u00e9lix S\u00e1nchez Bas, que ser\u00e1 rival de la escuadra &#8216;Azzurra&#8217; el domingo, en amistoso de fecha FIFA.<\/p><\/blockquote>\n<p>Gianluigi Donnarumma, antiguo portero del AC Milan, y que desde el 2021 ataja para el Par\u00eds Saint Germain, se refiri\u00f3 a los enfrentamientos que tendr\u00e1 la selecci\u00f3n de Italia contra Venezuela (este jueves) y frente a Ecuador (domingo 24 de marzo), ambos por la primera fecha FIFA del 2024, en Estados Unidos.<\/p>\n<p>Se espera que el golero que gan\u00f3 la Eurocopa 2020 con Italia sea titular ante los llaneros y la tricolor. En el caso de la selecci\u00f3n ecuatoriana ser\u00e1 la tercera vez en la historia que enfrente al prestigioso combinado europeo tras los duelos en el Mundial de Jap\u00f3n-Corea del Sur 2002 y el amistoso del 2005 en Nueva Jersey. Gianluigi Buffon fue el guardameta azzurro en el primer duelo y Flavio Roma en el otro.<\/p>\n<p>En declaraciones al portal de la Federaci\u00f3n Italiana de F\u00fatbol (Federazione Italiana Giuoco Calcio) Donnarumma, de 25 a\u00f1os, dijo esto sobre los dos adversarios de Conmebol que, como Italia lo hace para la Eurocopa, se alistan para la Copa Am\u00e9rica en los casos de venezolanos y ecuatorianos: \u201cEnfrentamos dos rivales duros, dos selecciones sudamericanas\u201d.<\/p>\n<p>Con 60 partidos en el combinado absoluto, el nacido en Castellammare di Stabia, de 1,96 metros de estatura, agreg\u00f3: \u201cTenemos que prepararnos al m\u00e1ximo, porque aunque sean amistosos, preparar bien estos partidos nos har\u00e1 llegar a jugar partidos importantes\u201d.<\/p>\n<p>F: El Universo<\/p>\n<p>#Life #LifeNoticias #RadioLife995FM #InformativoLife #Babahoyo #ThiIsLife #SintonizaLaVida<\/p>\n<p>&nbsp;<\/p>\n<p>&nbsp;<\/p>\n","protected":false},"excerpt":{"rendered":"<p>El golero del PSG elogi\u00f3 al equipo de F\u00e9lix S\u00e1nchez Bas, que ser\u00e1 rival de la escuadra &#8216;Azzurra&#8217; el domingo, en amistoso de fecha FIFA. Gianluigi Donnarumma, antiguo portero del AC Milan, y que desde el 2021 ataja para el Par\u00eds Saint Germain, se refiri\u00f3 a los enfrentamientos que tendr\u00e1 la selecci\u00f3n de Italia contra [&hellip;]<\/p>\n","protected":false},"author":1,"featured_media":4843,"comment_status":"open","ping_status":"closed","sticky":false,"template":"","format":"standard","meta":{"footnotes":""},"categories":[25],"tags":[],"class_list":["post-4842","post","type-post","status-publish","format-standard","has-post-thumbnail","hentry","category-deportes"],"_links":{"self":[{"href":"https:\/\/lifefm.ec\/index.php\/wp-json\/wp\/v2\/posts\/4842","targetHints":{"allow":["GET"]}}],"collection":[{"href":"https:\/\/lifefm.ec\/index.php\/wp-json\/wp\/v2\/posts"}],"about":[{"href":"https:\/\/lifefm.ec\/index.php\/wp-json\/wp\/v2\/types\/post"}],"author":[{"embeddable":true,"href":"https:\/\/lifefm.ec\/index.php\/wp-json\/wp\/v2\/users\/1"}],"replies":[{"embeddable":true,"href":"https:\/\/lifefm.ec\/index.php\/wp-json\/wp\/v2\/comments?post=4842"}],"version-history":[{"count":1,"href":"https:\/\/lifefm.ec\/index.php\/wp-json\/wp\/v2\/posts\/4842\/revisions"}],"predecessor-version":[{"id":4844,"href":"https:\/\/lifefm.ec\/index.php\/wp-json\/wp\/v2\/posts\/4842\/revisions\/4844"}],"wp:featuredmedia":[{"embeddable":true,"href":"https:\/\/lifefm.ec\/index.php\/wp-json\/wp\/v2\/media\/4843"}],"wp:attachment":[{"href":"https:\/\/lifefm.ec\/index.php\/wp-json\/wp\/v2\/media?parent=4842"}],"wp:term":[{"taxonomy":"category","embeddable":true,"href":"https:\/\/lifefm.ec\/index.php\/wp-json\/wp\/v2\/categories?post=4842"},{"taxonomy":"post_tag","embeddable":true,"href":"https:\/\/lifefm.ec\/index.php\/wp-json\/wp\/v2\/tags?post=4842"}],"curies":[{"name":"wp","href":"https:\/\/api.w.org\/{rel}","templated":true}]}}