{"id":4832,"date":"2024-03-21T12:36:02","date_gmt":"2024-03-21T17:36:02","guid":{"rendered":"https:\/\/lifefm.ec\/?p=4832"},"modified":"2024-03-21T12:36:02","modified_gmt":"2024-03-21T17:36:02","slug":"jorge-sampaoli-extecnico-de-emelec-volvera-a-dirigir-en-brasil","status":"publish","type":"post","link":"https:\/\/lifefm.ec\/index.php\/2024\/03\/21\/jorge-sampaoli-extecnico-de-emelec-volvera-a-dirigir-en-brasil\/","title":{"rendered":"\u00bfJORGE SAMPAOLI, EXT\u00c9CNICO DE EMELEC, VOLVER\u00c1 A DIRIGIR EN BRASIL?"},"content":{"rendered":"<p>Atl\u00e9tico MG se clasific\u00f3 el fin de semana a la gran final del Campeonato Mineiro 2024. Pese a esto, la dirigencia del club no qued\u00f3 conforme, pues perdieron frente a Am\u00e9rica MG, pero los favoreci\u00f3 el marcador global. A eso hab\u00eda que sumarle que al interior de la instituci\u00f3n ya ven\u00edan fuertes cr\u00edticas por la forma de jugar y este mi\u00e9rcoles se zanj\u00f3 todo: el t\u00e9cnico Luiz Felipe Scolari fue despedido.<\/p>\n<p>Aprovechando la Fecha FIFA, en la que Eduardo Vargas se encuentra con la Roja en Italia, la directiva del \u2018Galo\u2019 destituy\u00f3 a \u2018Felipao\u2019 con el fin de tener m\u00e1s d\u00edas de b\u00fasqueda y que el nuevo entrenador tuviera m\u00e1s tiempo para preparar las dos finales que disputar\u00e1n frente a Cruzeiro por el torneo estadual.<\/p>\n<p>En Atl\u00e9tico Mineiro hab\u00eda un poco de \u2018temor\u2019 que se repitieran los \u00faltimos resultados en el cl\u00e1sico frente a la \u2018Raposa\u2019, pues el equipo del chileno perdi\u00f3 los \u00faltimos dos duelos que jugaron de local frente a los azules: en la segunda rueda del Brasileirao 2023 y el que recientemente jugaron por el torneo interno de Minas Gerais.<\/p>\n<p><strong>\u00bfLlega un viejo conocido para Vargas?<\/strong><\/p>\n<p>AS ha podido saber, desde hace alg\u00fan tiempo, que una alternativa para reemplazar a Scolari siempre fue Jorge Sampaoli. El casildense reside en Rio de Janeiro y nunca ha escondido lo atractivo que le resulta dirigir en Brasil. Adem\u00e1s, ya dirigi\u00f3 a Atl\u00e9tico MG, ganando en 2020 el Campeonato Mineiro.<\/p>\n<p>Otra alternativa es Juan Pablo Vojvoda, claro que el tambi\u00e9n argentino tiene contrato vigente con Fortaleza, lo renov\u00f3 el a\u00f1o pasado y ha sido claro en reiterar que desea permanecer ah\u00ed. En caso de que realmente haya inter\u00e9s, el \u2018Galo\u2019 deber\u00e1 pagar.<\/p>\n<p>Adem\u00e1s, la prensa brasilera tambi\u00e9n da como opci\u00f3n a Gabriel Milito, entrenador que por estos d\u00edas tambi\u00e9n negocia con Universidad Cat\u00f3lica, escuadra que qued\u00f3 sin DT tras la salida de Nicol\u00e1s N\u00fa\u00f1ez, hace dos semanas.<\/p>\n","protected":false},"excerpt":{"rendered":"<p>Atl\u00e9tico MG se clasific\u00f3 el fin de semana a la gran final del Campeonato Mineiro 2024. Pese a esto, la dirigencia del club no qued\u00f3 conforme, pues perdieron frente a Am\u00e9rica MG, pero los favoreci\u00f3 el marcador global. A eso hab\u00eda que sumarle que al interior de la instituci\u00f3n ya ven\u00edan fuertes cr\u00edticas por la [&hellip;]<\/p>\n","protected":false},"author":1,"featured_media":4837,"comment_status":"open","ping_status":"closed","sticky":false,"template":"","format":"standard","meta":{"footnotes":""},"categories":[25],"tags":[],"class_list":["post-4832","post","type-post","status-publish","format-standard","has-post-thumbnail","hentry","category-deportes"],"_links":{"self":[{"href":"https:\/\/lifefm.ec\/index.php\/wp-json\/wp\/v2\/posts\/4832","targetHints":{"allow":["GET"]}}],"collection":[{"href":"https:\/\/lifefm.ec\/index.php\/wp-json\/wp\/v2\/posts"}],"about":[{"href":"https:\/\/lifefm.ec\/index.php\/wp-json\/wp\/v2\/types\/post"}],"author":[{"embeddable":true,"href":"https:\/\/lifefm.ec\/index.php\/wp-json\/wp\/v2\/users\/1"}],"replies":[{"embeddable":true,"href":"https:\/\/lifefm.ec\/index.php\/wp-json\/wp\/v2\/comments?post=4832"}],"version-history":[{"count":2,"href":"https:\/\/lifefm.ec\/index.php\/wp-json\/wp\/v2\/posts\/4832\/revisions"}],"predecessor-version":[{"id":4838,"href":"https:\/\/lifefm.ec\/index.php\/wp-json\/wp\/v2\/posts\/4832\/revisions\/4838"}],"wp:featuredmedia":[{"embeddable":true,"href":"https:\/\/lifefm.ec\/index.php\/wp-json\/wp\/v2\/media\/4837"}],"wp:attachment":[{"href":"https:\/\/lifefm.ec\/index.php\/wp-json\/wp\/v2\/media?parent=4832"}],"wp:term":[{"taxonomy":"category","embeddable":true,"href":"https:\/\/lifefm.ec\/index.php\/wp-json\/wp\/v2\/categories?post=4832"},{"taxonomy":"post_tag","embeddable":true,"href":"https:\/\/lifefm.ec\/index.php\/wp-json\/wp\/v2\/tags?post=4832"}],"curies":[{"name":"wp","href":"https:\/\/api.w.org\/{rel}","templated":true}]}}