{"id":4785,"date":"2024-03-21T10:53:02","date_gmt":"2024-03-21T15:53:02","guid":{"rendered":"https:\/\/lifefm.ec\/?p=4785"},"modified":"2024-03-21T10:53:02","modified_gmt":"2024-03-21T15:53:02","slug":"tini-admite-que-en-ocasiones-quiso-desaparecer-debido-a-las-criticas-recibidas-durante-su-relacion-con-rodrigo-de-paul","status":"publish","type":"post","link":"https:\/\/lifefm.ec\/index.php\/2024\/03\/21\/tini-admite-que-en-ocasiones-quiso-desaparecer-debido-a-las-criticas-recibidas-durante-su-relacion-con-rodrigo-de-paul\/","title":{"rendered":"TINI ADMITE QUE EN OCASIONES QUISO \u00abDESAPARECER\u00bb DEBIDO A LAS CR\u00cdTICAS RECIBIDAS DURANTE SU RELACI\u00d3N CON RODRIGO DE PAUL"},"content":{"rendered":"<blockquote><p>La cantante argentina, Tini Stoessel, respondi\u00f3 en\u00e9rgicamente a un comentario ofensivo en redes sociales, expresando el impacto emocional de tales cr\u00edticas.<\/p><\/blockquote>\n<p>La controversia surgi\u00f3 luego de que Stoessel publicara una foto cortando su cabello, siendo objeto de acusaciones sobre su vida personal. En respuesta, la artista comparti\u00f3 sus experiencias personales, destacando el da\u00f1o causado por comentarios irrespetuosos como el mencionado. Revel\u00f3 haber enfrentado dificultades emocionales durante su relaci\u00f3n con el futbolista Rodrigo de Paul.<\/p>\n<p>M\u00e1s tarde, comparti\u00f3 otra imagen con un tono a\u00fan m\u00e1s sombr\u00edo, acompa\u00f1ada de un mensaje sugestivo sobre la complejidad de la vida detr\u00e1s de las apariencias. Estas publicaciones forman parte de la promoci\u00f3n de un pr\u00f3ximo proyecto art\u00edstico.<\/p>\n<p>&nbsp;<\/p>\n<p>F: El Universo<br \/>\n#Life #LifeNoticias #RadioLife995FM #InformativoLife #Babahoyo #ThiIsLife #SintonizaLaVida<\/p>\n","protected":false},"excerpt":{"rendered":"<p>La cantante argentina, Tini Stoessel, respondi\u00f3 en\u00e9rgicamente a un comentario ofensivo en redes sociales, expresando el impacto emocional de tales cr\u00edticas. La controversia surgi\u00f3 luego de que Stoessel publicara una foto cortando su cabello, siendo objeto de acusaciones sobre su vida personal. En respuesta, la artista comparti\u00f3 sus experiencias personales, destacando el da\u00f1o causado por [&hellip;]<\/p>\n","protected":false},"author":1,"featured_media":4794,"comment_status":"open","ping_status":"closed","sticky":false,"template":"","format":"standard","meta":{"footnotes":""},"categories":[26],"tags":[],"class_list":["post-4785","post","type-post","status-publish","format-standard","has-post-thumbnail","hentry","category-entretenimiento"],"_links":{"self":[{"href":"https:\/\/lifefm.ec\/index.php\/wp-json\/wp\/v2\/posts\/4785","targetHints":{"allow":["GET"]}}],"collection":[{"href":"https:\/\/lifefm.ec\/index.php\/wp-json\/wp\/v2\/posts"}],"about":[{"href":"https:\/\/lifefm.ec\/index.php\/wp-json\/wp\/v2\/types\/post"}],"author":[{"embeddable":true,"href":"https:\/\/lifefm.ec\/index.php\/wp-json\/wp\/v2\/users\/1"}],"replies":[{"embeddable":true,"href":"https:\/\/lifefm.ec\/index.php\/wp-json\/wp\/v2\/comments?post=4785"}],"version-history":[{"count":1,"href":"https:\/\/lifefm.ec\/index.php\/wp-json\/wp\/v2\/posts\/4785\/revisions"}],"predecessor-version":[{"id":4795,"href":"https:\/\/lifefm.ec\/index.php\/wp-json\/wp\/v2\/posts\/4785\/revisions\/4795"}],"wp:featuredmedia":[{"embeddable":true,"href":"https:\/\/lifefm.ec\/index.php\/wp-json\/wp\/v2\/media\/4794"}],"wp:attachment":[{"href":"https:\/\/lifefm.ec\/index.php\/wp-json\/wp\/v2\/media?parent=4785"}],"wp:term":[{"taxonomy":"category","embeddable":true,"href":"https:\/\/lifefm.ec\/index.php\/wp-json\/wp\/v2\/categories?post=4785"},{"taxonomy":"post_tag","embeddable":true,"href":"https:\/\/lifefm.ec\/index.php\/wp-json\/wp\/v2\/tags?post=4785"}],"curies":[{"name":"wp","href":"https:\/\/api.w.org\/{rel}","templated":true}]}}