{"id":4762,"date":"2024-03-21T10:21:27","date_gmt":"2024-03-21T15:21:27","guid":{"rendered":"https:\/\/lifefm.ec\/?p=4762"},"modified":"2024-03-21T10:21:27","modified_gmt":"2024-03-21T15:21:27","slug":"descubre-a-los-candidatos-a-los-premios-rem-2024-de-sayce","status":"publish","type":"post","link":"https:\/\/lifefm.ec\/index.php\/2024\/03\/21\/descubre-a-los-candidatos-a-los-premios-rem-2024-de-sayce\/","title":{"rendered":"DESCUBRE A LOS CANDIDATOS A LOS PREMIOS REM 2024 DE SAYCE"},"content":{"rendered":"<blockquote>\n<p class=\"text-lg md:text-base\">La premiaci\u00f3n que realiza la Sociedad de Autores y Compositores Ecuatorianos tendr\u00e1 lugar este mi\u00e9rcoles 20 de marzo, en el Teatro Centro de Arte.<\/p>\n<\/blockquote>\n<p class=\"prose-text\" data-mrf-recirculation=\"Links article\">Una nueva edici\u00f3n de los premios REM de la Sociedad de Autores y Compositores Ecuatorianos (Sayce) se desarrollar\u00e1 este mi\u00e9rcoles 20 de marzo, en el Teatro Centro de Arte. La velada arrancar\u00e1 puntualmente, como indica el gremio musical, a partir de las 18:30, a diferencia de otras ocasiones donde la ceremonia ha ocurrido m\u00e1s tarde, entre 20:00 y 20:30. Aparentemente el cambio del horario responde al toque de queda vigente hasta el 8 de abril de 2024.<\/p>\n<p class=\"prose-text\" data-mrf-recirculation=\"Links article\">En el nuevo encuentro, la gala ser\u00e1 animada por Diego Spotorno y Emiliana Vald\u00e9z. Adem\u00e1s contar\u00e1 con las intervenciones musicales de M\u00e1ximo Escaleras, Dicapo, Lila Flores, Danilo Parra, Tercer Mundo, Nicky Dumas, Sergio Sacoto, Papaya Dada, Dayanara<\/p>\n<p class=\"prose-text\" data-mrf-recirculation=\"Links article\">M\u00e1s de 40 artistas han sido convocados a la premiaci\u00f3n en XX categor\u00edas. Conoce a los nominados:<\/p>\n<h6 class=\"\"><b>Artista masculino trayectoria (radio)<\/b><\/h6>\n<ul class=\"prose-list\">\n<li>Segundo Rosero<\/li>\n<li>Gerardo Mor\u00e1n<\/li>\n<li>M\u00e1ximo Escaleras<\/li>\n<li>Widinson<\/li>\n<li>Cecilio Alva<\/li>\n<\/ul>\n<h6 class=\"\"><b>Artista femenino trayectoria (radio)<\/b><\/h6>\n<ul class=\"prose-list\">\n<li>Jenny Rosero<\/li>\n<li>Juanita Burbano<\/li>\n<li>Mar\u00eda de los \u00c1ngeles<\/li>\n<li>Margarita Luque<\/li>\n<li>Cecy Narv\u00e1ez<\/li>\n<\/ul>\n<h6 class=\"\"><b>Autor m\u00e1s escuchado (radio)<\/b><\/h6>\n<ul class=\"prose-list\">\n<li>John Taleb<\/li>\n<li>Ismael Henriques<\/li>\n<li>Bernardo Henriques<\/li>\n<li>Alejandro Ponce<\/li>\n<li>Jorge Luis del Hierro<\/li>\n<li>Mar Rend\u00f3n<\/li>\n<li>Esteban Portugal<\/li>\n<li>Sergio Vivar<\/li>\n<\/ul>\n<h6 class=\"\"><b>Canci\u00f3n m\u00e1s escuchada (radio)<\/b><\/h6>\n<ul class=\"prose-list\">\n<li>Amapola, Papaya Dada<\/li>\n<li>Te arde, Mar Rend\u00f3n<\/li>\n<li>Plan, Alex Ponce<\/li>\n<li>Qui\u00e9n, Dayanara feat. Am\u00e9rico<\/li>\n<li>Tus fotos, Tres Dedos<\/li>\n<\/ul>\n<h6 class=\"\"><b>Colaboraci\u00f3n m\u00e1s escuchada (radio)<\/b><\/h6>\n<p class=\"prose-text\" data-mrf-recirculation=\"Links article\">Solo dime si recuerdas, Tranzar, Mar Rend\u00f3n y Homero Gallardo<\/p>\n<p class=\"prose-text\" data-mrf-recirculation=\"Links article\">Qui\u00e9n, Dayanara y Am\u00e9rico<\/p>\n<p class=\"prose-text\" data-mrf-recirculation=\"Links article\">Amapola, Papaya Dada y Los Cumbia Stars<\/p>\n<div class=\"inline-element px-2 table m-auto pb-2 bg-white text-center border border-grey-100 text-xs\">\n<div id=\"ad-box1-content\">\n<p class=\"prose-text\" data-mrf-recirculation=\"Links article\">Te extra\u00f1o un poco, Tercer Mundo y Sergio Sacoto<\/p>\n<p class=\"prose-text\" data-mrf-recirculation=\"Links article\">Mi\u00e9nteme, Marqu\u00e9s y Spiritual<\/p>\n<div class=\"inline-element px-2 table m-auto pb-2 bg-white text-center border border-grey-100 text-xs\">\n<div id=\"ad-eu_box3-content\">\n<h6 class=\"\"><b>Grupo o d\u00fao m\u00e1s escuchado (radio)<\/b><\/h6>\n<ul class=\"prose-list\">\n<li>Spiritual<\/li>\n<li>Droz<\/li>\n<li>Papaya Dada<\/li>\n<li>4 AM<\/li>\n<li>Tercer Mundo<\/li>\n<\/ul>\n<h6 class=\"\"><b>Artista masculino m\u00e1s escuchado (radio)<\/b><\/h6>\n<ul class=\"prose-list\">\n<li>Jorge Luis del Hierro<\/li>\n<li>Ismael Alc\u00edvar<\/li>\n<li>Alex Ponce<\/li>\n<li>Danilo Parra<\/li>\n<li>Tres Dedos<\/li>\n<li>Dicapo<\/li>\n<li>To\u00f1o Navarrete<\/li>\n<li>M\u00e1ximo Escaleras<\/li>\n<\/ul>\n<h6 class=\"\"><b>Artista femenina m\u00e1s escuchada (radio)<\/b><\/h6>\n<ul class=\"prose-list\">\n<li>Yilda Banch\u00f3n<\/li>\n<li>Mar\u00eda de los \u00c1ngeles<\/li>\n<li>Mar Rend\u00f3n<\/li>\n<li>Abby<\/li>\n<li>Dayanara<\/li>\n<li>Na\u00edza<\/li>\n<li>Andre\u00edna<\/li>\n<li>Mia Orellana<\/li>\n<\/ul>\n<h6 class=\"\"><b>Canci\u00f3n m\u00e1s escuchada (plataformas)<\/b><\/h6>\n<ul class=\"prose-list\">\n<li>Traici\u00f3n, Alex Ponce<\/li>\n<li>Tu gato bellaco (remix), Milo Mae feat. Kevin Rold\u00e1n<\/li>\n<li>Plan, Alex Ponce<\/li>\n<\/ul>\n<h6 class=\"\"><b>Grupo o d\u00fao m\u00e1s escuchado (plataformas)<\/b><\/h6>\n<ul class=\"prose-list\">\n<li>VAES<\/li>\n<li>La m\u00e1quina camale\u00f3n<\/li>\n<li>Papaya Dada<\/li>\n<\/ul>\n<h6 class=\"\"><b>Artista masculino m\u00e1s escuchado (plataformas)<\/b><\/h6>\n<ul class=\"prose-list\">\n<li>Blanko<\/li>\n<li>Mu\u00f1ecazo<\/li>\n<li>Alex Ponce<\/li>\n<li>Milo Mae<\/li>\n<li>Jossimar<\/li>\n<\/ul>\n<h6 class=\"\"><b>Artista femenina m\u00e1s escuchada (plataformas)<\/b><\/h6>\n<ul class=\"prose-list\">\n<li>Na\u00edza<\/li>\n<li>Mar Rend\u00f3n<\/li>\n<li>Dayanara<\/li>\n<li>Mia Ter\u00e1n<\/li>\n<li>Nadira<\/li>\n<\/ul>\n<h6 class=\"\"><b>Favorito del p\u00fablico (radio y plataformas)<\/b><\/h6>\n<ul class=\"prose-list\">\n<li>Yilda Banch\u00f3n<\/li>\n<li>Widinson<\/li>\n<li>VAES<\/li>\n<li>Tres Dedos<\/li>\n<li>Tranzas<\/li>\n<li>To\u00f1o Navarrete<\/li>\n<li>Tercer Mundo<\/li>\n<li>Spiritual<\/li>\n<li>Sergio Vivar<\/li>\n<li>Sergio Sacoto<\/li>\n<li>Papaya Dada<\/li>\n<li>Na\u00edza<\/li>\n<li>Nadira<\/li>\n<li>Mu\u00f1ecazo<\/li>\n<li>Milo Mae<\/li>\n<li>Mia Ter\u00e1n<\/li>\n<li>M\u00eda Orellana<\/li>\n<li>M\u00e1ximo Escaleras<\/li>\n<li>Marqu\u00e9s<\/li>\n<li>Mar\u00eda de los \u00c1ngeles<\/li>\n<li>Margarita Luque<\/li>\n<li>Mar Rend\u00f3n<\/li>\n<li>La M\u00e1quina Camale\u00f3n<\/li>\n<li>Juanita Burbano<\/li>\n<li>Jossimar<\/li>\n<li>Jorge Luis del Hierro<\/li>\n<li>Jenny Rosero<\/li>\n<li>Ismael Alc\u00edvar<\/li>\n<li>Homero Gallardo<\/li>\n<li>Gerardo Mor\u00e1n<\/li>\n<li>Droz<\/li>\n<li>Dicapo<\/li>\n<li>Dayanara<\/li>\n<li>Danilo Parra<\/li>\n<li>Cecy Narv\u00e1ez<\/li>\n<li>Cecilio Alva<\/li>\n<li>Blanko<\/li>\n<li>Alex Ponce<\/li>\n<li>Abby<\/li>\n<li>4 AM<\/li>\n<\/ul>\n<\/div>\n<\/div>\n<\/div>\n<\/div>\n<p>&nbsp;<\/p>\n<p>F: El Universo<br \/>\n#Life #LifeNoticias #RadioLife995FM #InformativoLife #Babahoyo #ThiIsLife #SintonizaLaVida<\/p>\n","protected":false},"excerpt":{"rendered":"<p>La premiaci\u00f3n que realiza la Sociedad de Autores y Compositores Ecuatorianos tendr\u00e1 lugar este mi\u00e9rcoles 20 de marzo, en el Teatro Centro de Arte. Una nueva edici\u00f3n de los premios REM de la Sociedad de Autores y Compositores Ecuatorianos (Sayce) se desarrollar\u00e1 este mi\u00e9rcoles 20 de marzo, en el Teatro Centro de Arte. La velada [&hellip;]<\/p>\n","protected":false},"author":1,"featured_media":4768,"comment_status":"open","ping_status":"closed","sticky":false,"template":"","format":"standard","meta":{"footnotes":""},"categories":[26],"tags":[],"class_list":["post-4762","post","type-post","status-publish","format-standard","has-post-thumbnail","hentry","category-entretenimiento"],"_links":{"self":[{"href":"https:\/\/lifefm.ec\/index.php\/wp-json\/wp\/v2\/posts\/4762","targetHints":{"allow":["GET"]}}],"collection":[{"href":"https:\/\/lifefm.ec\/index.php\/wp-json\/wp\/v2\/posts"}],"about":[{"href":"https:\/\/lifefm.ec\/index.php\/wp-json\/wp\/v2\/types\/post"}],"author":[{"embeddable":true,"href":"https:\/\/lifefm.ec\/index.php\/wp-json\/wp\/v2\/users\/1"}],"replies":[{"embeddable":true,"href":"https:\/\/lifefm.ec\/index.php\/wp-json\/wp\/v2\/comments?post=4762"}],"version-history":[{"count":1,"href":"https:\/\/lifefm.ec\/index.php\/wp-json\/wp\/v2\/posts\/4762\/revisions"}],"predecessor-version":[{"id":4770,"href":"https:\/\/lifefm.ec\/index.php\/wp-json\/wp\/v2\/posts\/4762\/revisions\/4770"}],"wp:featuredmedia":[{"embeddable":true,"href":"https:\/\/lifefm.ec\/index.php\/wp-json\/wp\/v2\/media\/4768"}],"wp:attachment":[{"href":"https:\/\/lifefm.ec\/index.php\/wp-json\/wp\/v2\/media?parent=4762"}],"wp:term":[{"taxonomy":"category","embeddable":true,"href":"https:\/\/lifefm.ec\/index.php\/wp-json\/wp\/v2\/categories?post=4762"},{"taxonomy":"post_tag","embeddable":true,"href":"https:\/\/lifefm.ec\/index.php\/wp-json\/wp\/v2\/tags?post=4762"}],"curies":[{"name":"wp","href":"https:\/\/api.w.org\/{rel}","templated":true}]}}