{"id":4759,"date":"2024-03-21T10:15:12","date_gmt":"2024-03-21T15:15:12","guid":{"rendered":"https:\/\/lifefm.ec\/?p=4759"},"modified":"2024-03-21T10:15:12","modified_gmt":"2024-03-21T15:15:12","slug":"asesinan-a-balazos-a-esposos-en-la-via-portoviejo-santa-ana-y-su-hija-de-5-anos-quedo-herida","status":"publish","type":"post","link":"https:\/\/lifefm.ec\/index.php\/2024\/03\/21\/asesinan-a-balazos-a-esposos-en-la-via-portoviejo-santa-ana-y-su-hija-de-5-anos-quedo-herida\/","title":{"rendered":"Asesinan a balazos a esposos en la v\u00eda Portoviejo-Santa Ana y su hija de 5 a\u00f1os qued\u00f3 herida"},"content":{"rendered":"<p>Sicarios dispararon contra el veh\u00edculo donde se transportaban las v\u00edctimas.<\/p>\n<p class=\"prose-text\" data-mrf-recirculation=\"Links article\">Una pareja fue asesinada alrededor de las 14:00 de este m\u00e9rcoles, 20 de marzo, en la v\u00eda a Portoviejo-Santa Ana, provincia de Manab\u00ed.<\/p>\n<p class=\"prose-text\" data-mrf-recirculation=\"Links article\">Sicarios dispararon contra el veh\u00edculo donde se transportaban las v\u00edctimas, quienes eran esposos, junto a su hija de 5 a\u00f1os de edad.<\/p>\n<p class=\"prose-text\" data-mrf-recirculation=\"Links article\">La pareja falleci\u00f3 en el sitio del ataque. El hombre, identificado como Jefferson Sornoza, trabajaba en el centro de salud del cant\u00f3n Santa Ana, seg\u00fan se pudo conocer.<\/p>\n<p class=\"prose-text\" data-mrf-recirculation=\"Links article\">La ni\u00f1a result\u00f3 herida en el ataque y fue trasladada bajo resguardo policial hasta un hospital.<\/p>\n<p class=\"prose-text\" data-mrf-recirculation=\"Links article\">Familiares llegaron a la escena del crimen y se vivieron escenas de dolor. Ellos intentaban abrir el veh\u00edculo para abrazar a las v\u00edctimas.<\/p>\n<p data-mrf-recirculation=\"Links article\">Los cuerpos permanecieron dentro del veh\u00edculo hasta que lleg\u00f3 el carro de Medicina Legal y se realiz\u00f3 el traslado de los cuerpos al centro forense de Manta.<\/p>\n<p data-mrf-recirculation=\"Links article\">\n<p data-mrf-recirculation=\"Links article\">FUENTE: El Universo<\/p>\n<p data-mrf-recirculation=\"Links article\">\n<p data-mrf-recirculation=\"Links article\">#Life #LifeNoticias #RadioLife995FM #InformativoLife #Babahoyo #ThiIsLife #SintonizaLaVida<\/p>\n","protected":false},"excerpt":{"rendered":"<p>Sicarios dispararon contra el veh\u00edculo donde se transportaban las v\u00edctimas. Una pareja fue asesinada alrededor de las 14:00 de este m\u00e9rcoles, 20 de marzo, en la v\u00eda a Portoviejo-Santa Ana, provincia de Manab\u00ed. Sicarios dispararon contra el veh\u00edculo donde se transportaban las v\u00edctimas, quienes eran esposos, junto a su hija de 5 a\u00f1os de edad. [&hellip;]<\/p>\n","protected":false},"author":1,"featured_media":4763,"comment_status":"open","ping_status":"closed","sticky":false,"template":"","format":"standard","meta":{"footnotes":""},"categories":[24],"tags":[],"class_list":["post-4759","post","type-post","status-publish","format-standard","has-post-thumbnail","hentry","category-nacional"],"_links":{"self":[{"href":"https:\/\/lifefm.ec\/index.php\/wp-json\/wp\/v2\/posts\/4759","targetHints":{"allow":["GET"]}}],"collection":[{"href":"https:\/\/lifefm.ec\/index.php\/wp-json\/wp\/v2\/posts"}],"about":[{"href":"https:\/\/lifefm.ec\/index.php\/wp-json\/wp\/v2\/types\/post"}],"author":[{"embeddable":true,"href":"https:\/\/lifefm.ec\/index.php\/wp-json\/wp\/v2\/users\/1"}],"replies":[{"embeddable":true,"href":"https:\/\/lifefm.ec\/index.php\/wp-json\/wp\/v2\/comments?post=4759"}],"version-history":[{"count":1,"href":"https:\/\/lifefm.ec\/index.php\/wp-json\/wp\/v2\/posts\/4759\/revisions"}],"predecessor-version":[{"id":4765,"href":"https:\/\/lifefm.ec\/index.php\/wp-json\/wp\/v2\/posts\/4759\/revisions\/4765"}],"wp:featuredmedia":[{"embeddable":true,"href":"https:\/\/lifefm.ec\/index.php\/wp-json\/wp\/v2\/media\/4763"}],"wp:attachment":[{"href":"https:\/\/lifefm.ec\/index.php\/wp-json\/wp\/v2\/media?parent=4759"}],"wp:term":[{"taxonomy":"category","embeddable":true,"href":"https:\/\/lifefm.ec\/index.php\/wp-json\/wp\/v2\/categories?post=4759"},{"taxonomy":"post_tag","embeddable":true,"href":"https:\/\/lifefm.ec\/index.php\/wp-json\/wp\/v2\/tags?post=4759"}],"curies":[{"name":"wp","href":"https:\/\/api.w.org\/{rel}","templated":true}]}}