{"id":4751,"date":"2024-03-21T10:06:16","date_gmt":"2024-03-21T15:06:16","guid":{"rendered":"https:\/\/lifefm.ec\/?p=4751"},"modified":"2024-03-21T10:06:16","modified_gmt":"2024-03-21T15:06:16","slug":"lo-que-se-sabe-de-francisco-sebastian-b-a-el-hijo-de-la-vicepresidenta-de-la-republica-detenido-en-el-caso-nene","status":"publish","type":"post","link":"https:\/\/lifefm.ec\/index.php\/2024\/03\/21\/lo-que-se-sabe-de-francisco-sebastian-b-a-el-hijo-de-la-vicepresidenta-de-la-republica-detenido-en-el-caso-nene\/","title":{"rendered":"LO QUE SE SABE DE FRANCISCO SEBASTI\u00c1N B. A., EL HIJO DE LA VICEPRESIDENTA DE LA REP\u00daBLICA DETENIDO EN EL CASO NENE"},"content":{"rendered":"<blockquote>\n<p class=\"prose-text\" data-mrf-recirculation=\"Links article\">Francisco Sebasti\u00e1n B. A. es, de momento, el \u00fanico detenido en un operativo dentro del caso denominado Nene, en el que se investiga una presunta oferta de tr\u00e1fico de influencias en la Vicepresidencia de la Rep\u00fablica. Lo apresaron en Cuenca en medio de varios operativos, algunos desarrollados tambi\u00e9n en Quito.<\/p>\n<\/blockquote>\n<p class=\"prose-text\" data-mrf-recirculation=\"Links article\"><b>Francisco Sebasti\u00e1n B. A. es hijo de la vicepresidenta de la Rep\u00fablica, Ver\u00f3nica Abad, quien actualmente cumple las funciones de embajadora de Ecuador en Israel por delegaci\u00f3n del mandatario Daniel Noboa.<\/b><\/p>\n<p class=\"prose-text\" data-mrf-recirculation=\"Links article\">El detenido es cuencano. Es abogado y Licenciado en Ciencias Pol\u00edticas por la Universidad de Cuenca, especializado en mediaci\u00f3n de temas laborales y societarios. Tiene una maestr\u00eda en Alta Direcci\u00f3n Empresarial.<\/p>\n<p class=\"prose-text\" data-mrf-recirculation=\"Links article\">Fue director Nacional de Servicios de Mediaci\u00f3n en la Defensor\u00eda P\u00fablica, entre diciembre del 2023 y enero del 2024.<\/p>\n<p class=\"prose-text\" data-mrf-recirculation=\"Links article\">Antes, en el gobierno de Guillermo Lasso, fue intendente General de Polic\u00eda del Azuay, de mayo a diciembre del 2023; comisario de Polic\u00eda del cant\u00f3n Cuenca; de julio del 2022 a junio del 2023; y comisario de Polic\u00eda del cant\u00f3n Pucar\u00e1, de noviembre del 2021 a julio del 2022.<\/p>\n<div class=\"inline-element\">\n<div>\n<div id=\"active-campaing-form-marcador\">De acuerdo con registros p\u00fablicos fue designado por el Consejo Nacional Electoral (CNE) como vocal de la Junta Provincial Electoral de Azuay en las recientes elecciones nacionales anticipadas de agosto de 2023, en la que su madre fue candidata a la Vicepresidencia junto con Daniel Noboa Az\u00edn, por la alianza <b>Acci\u00f3n Democr\u00e1tica Nacional (ADN)<\/b>.<\/div>\n<\/div>\n<\/div>\n<p class=\"prose-text\" data-mrf-recirculation=\"Links article\">Previamente, Francisco Sebasti\u00e1n B. A., fue asistente administrativo electoral en la Delegaci\u00f3n Electoral del Azuay el a\u00f1o anterior.<\/p>\n<p class=\"prose-text\" data-mrf-recirculation=\"Links article\">La vicepresidenta se encuentra en Israel desde diciembre del a\u00f1o paado. Este Diario consult\u00f3 al \u00e1rea de Comunicaci\u00f3n de la Vicepresidencia de la Rep\u00fablica si habr\u00eda alg\u00fan comentario de su parte, pero indicaron que no conoc\u00edan nada sobre el tema. Aunque recordaron que por disposici\u00f3n de la Canciller\u00eda, <b>la segunda mandataria tiene prohibido hablar sobre asuntos p\u00fablicos.<\/b><\/p>\n<p data-mrf-recirculation=\"Links article\">La Fiscal\u00eda no ha dado m\u00e1s informaci\u00f3n respecto a este caso, se espera que el detenido sea trasladado a Quito en las pr\u00f3ximas horas.<\/p>\n<p>F: EL UNIVERSO<\/p>\n<p>#Life #LifeNoticias #RadioLife995FM #InformativoLife #Babahoyo #ThiIsLife #SintonizaLaVida<\/p>\n","protected":false},"excerpt":{"rendered":"<p>Francisco Sebasti\u00e1n B. A. es, de momento, el \u00fanico detenido en un operativo dentro del caso denominado Nene, en el que se investiga una presunta oferta de tr\u00e1fico de influencias en la Vicepresidencia de la Rep\u00fablica. Lo apresaron en Cuenca en medio de varios operativos, algunos desarrollados tambi\u00e9n en Quito. Francisco Sebasti\u00e1n B. A. es [&hellip;]<\/p>\n","protected":false},"author":1,"featured_media":4752,"comment_status":"open","ping_status":"closed","sticky":false,"template":"","format":"standard","meta":{"footnotes":""},"categories":[24],"tags":[],"class_list":["post-4751","post","type-post","status-publish","format-standard","has-post-thumbnail","hentry","category-nacional"],"_links":{"self":[{"href":"https:\/\/lifefm.ec\/index.php\/wp-json\/wp\/v2\/posts\/4751","targetHints":{"allow":["GET"]}}],"collection":[{"href":"https:\/\/lifefm.ec\/index.php\/wp-json\/wp\/v2\/posts"}],"about":[{"href":"https:\/\/lifefm.ec\/index.php\/wp-json\/wp\/v2\/types\/post"}],"author":[{"embeddable":true,"href":"https:\/\/lifefm.ec\/index.php\/wp-json\/wp\/v2\/users\/1"}],"replies":[{"embeddable":true,"href":"https:\/\/lifefm.ec\/index.php\/wp-json\/wp\/v2\/comments?post=4751"}],"version-history":[{"count":1,"href":"https:\/\/lifefm.ec\/index.php\/wp-json\/wp\/v2\/posts\/4751\/revisions"}],"predecessor-version":[{"id":4757,"href":"https:\/\/lifefm.ec\/index.php\/wp-json\/wp\/v2\/posts\/4751\/revisions\/4757"}],"wp:featuredmedia":[{"embeddable":true,"href":"https:\/\/lifefm.ec\/index.php\/wp-json\/wp\/v2\/media\/4752"}],"wp:attachment":[{"href":"https:\/\/lifefm.ec\/index.php\/wp-json\/wp\/v2\/media?parent=4751"}],"wp:term":[{"taxonomy":"category","embeddable":true,"href":"https:\/\/lifefm.ec\/index.php\/wp-json\/wp\/v2\/categories?post=4751"},{"taxonomy":"post_tag","embeddable":true,"href":"https:\/\/lifefm.ec\/index.php\/wp-json\/wp\/v2\/tags?post=4751"}],"curies":[{"name":"wp","href":"https:\/\/api.w.org\/{rel}","templated":true}]}}