{"id":4739,"date":"2024-03-21T09:53:10","date_gmt":"2024-03-21T14:53:10","guid":{"rendered":"https:\/\/lifefm.ec\/?p=4739"},"modified":"2024-03-21T09:53:24","modified_gmt":"2024-03-21T14:53:24","slug":"concierto-de-jazz-en-el-centro-ecuatoriano-norteamericano","status":"publish","type":"post","link":"https:\/\/lifefm.ec\/index.php\/2024\/03\/21\/concierto-de-jazz-en-el-centro-ecuatoriano-norteamericano\/","title":{"rendered":"CONCIERTO DE JAZZ EN EL CENTRO ECUATORIANO NORTEAMERICANO"},"content":{"rendered":"<blockquote><p>El auditorio de la sede Quito del Centro Ecuatoriano Norteamericano cobrar\u00e1 vida este jueves 21 de marzo, destacando la m\u00fasica como su principal protagonista. La banda CEN Jazz Ensemble presentar\u00e1 su nueva propuesta musical bajo el t\u00edtulo de Quito Jazz Night 2.0.<\/p><\/blockquote>\n<p>Bajo la direcci\u00f3n de Freddy Bola\u00f1os, la banda ofrecer\u00e1 una variada selecci\u00f3n de temas que incluyen desde cl\u00e1sicos como \u00abWhat You Won\u2019t Do For Love\u00bb y \u00abAfter The Love Has Gone\u00bb, hasta piezas instrumentales como \u00abDouble Jeopardy\u00bb, \u00abBali Run\u00bb y \u00abDown The Wire\u00bb. La formaci\u00f3n cuenta con reconocidos m\u00fasicos ecuatorianos, entre ellos Xavier Jeldes en el bajo, Andr\u00e9s Figueroa en la bater\u00eda, Joel Icaza en el teclado, Harry Game en el saxof\u00f3n, Luis Napolitano en la guitarra, y la participaci\u00f3n especial como cantante invitada de Vivianna G\u00f3mez.<\/p>\n<p>Deborah Chiriboga High, directora general del CEN, destaca la promoci\u00f3n de este g\u00e9nero musical emblem\u00e1tico de Estados Unidos, gracias al talento del CEN Jazz Ensemble, un grupo con m\u00e1s de una d\u00e9cada de trayectoria, llevando su m\u00fasica y espect\u00e1culos de calidad a distintos lugares del pa\u00eds.<\/p>\n<p>El concierto se llevar\u00e1 a cabo el jueves 21 de marzo de 19:00 a 20:00 en la sede ubicada en la Av. Amazonas y La Prensa (antiguo Aeropuerto Mariscal Sucre).<\/p>\n<p>La entrada es libre y gratuita.<\/p>\n<p>&nbsp;<\/p>\n<p>F: El Universo<\/p>\n<p>#Life #LifeNoticias #RadioLife995FM #InformativoLife #Babahoyo #ThiIsLife #SintonizaLaVida<\/p>\n","protected":false},"excerpt":{"rendered":"<p>El auditorio de la sede Quito del Centro Ecuatoriano Norteamericano cobrar\u00e1 vida este jueves 21 de marzo, destacando la m\u00fasica como su principal protagonista. La banda CEN Jazz Ensemble presentar\u00e1 su nueva propuesta musical bajo el t\u00edtulo de Quito Jazz Night 2.0. Bajo la direcci\u00f3n de Freddy Bola\u00f1os, la banda ofrecer\u00e1 una variada selecci\u00f3n de [&hellip;]<\/p>\n","protected":false},"author":1,"featured_media":4741,"comment_status":"open","ping_status":"closed","sticky":false,"template":"","format":"standard","meta":{"footnotes":""},"categories":[26],"tags":[],"class_list":["post-4739","post","type-post","status-publish","format-standard","has-post-thumbnail","hentry","category-entretenimiento"],"_links":{"self":[{"href":"https:\/\/lifefm.ec\/index.php\/wp-json\/wp\/v2\/posts\/4739","targetHints":{"allow":["GET"]}}],"collection":[{"href":"https:\/\/lifefm.ec\/index.php\/wp-json\/wp\/v2\/posts"}],"about":[{"href":"https:\/\/lifefm.ec\/index.php\/wp-json\/wp\/v2\/types\/post"}],"author":[{"embeddable":true,"href":"https:\/\/lifefm.ec\/index.php\/wp-json\/wp\/v2\/users\/1"}],"replies":[{"embeddable":true,"href":"https:\/\/lifefm.ec\/index.php\/wp-json\/wp\/v2\/comments?post=4739"}],"version-history":[{"count":2,"href":"https:\/\/lifefm.ec\/index.php\/wp-json\/wp\/v2\/posts\/4739\/revisions"}],"predecessor-version":[{"id":4743,"href":"https:\/\/lifefm.ec\/index.php\/wp-json\/wp\/v2\/posts\/4739\/revisions\/4743"}],"wp:featuredmedia":[{"embeddable":true,"href":"https:\/\/lifefm.ec\/index.php\/wp-json\/wp\/v2\/media\/4741"}],"wp:attachment":[{"href":"https:\/\/lifefm.ec\/index.php\/wp-json\/wp\/v2\/media?parent=4739"}],"wp:term":[{"taxonomy":"category","embeddable":true,"href":"https:\/\/lifefm.ec\/index.php\/wp-json\/wp\/v2\/categories?post=4739"},{"taxonomy":"post_tag","embeddable":true,"href":"https:\/\/lifefm.ec\/index.php\/wp-json\/wp\/v2\/tags?post=4739"}],"curies":[{"name":"wp","href":"https:\/\/api.w.org\/{rel}","templated":true}]}}