{"id":4737,"date":"2024-03-21T09:56:49","date_gmt":"2024-03-21T14:56:49","guid":{"rendered":"https:\/\/lifefm.ec\/?p=4737"},"modified":"2024-03-21T09:56:49","modified_gmt":"2024-03-21T14:56:49","slug":"shakira-tiene-un-nuevo-galan-mira-sus-primeras-fotos-con-lucien-laviscount-para-la-punteria","status":"publish","type":"post","link":"https:\/\/lifefm.ec\/index.php\/2024\/03\/21\/shakira-tiene-un-nuevo-galan-mira-sus-primeras-fotos-con-lucien-laviscount-para-la-punteria\/","title":{"rendered":"\u00a1SHAKIRA TIENE UN NUEVO GAL\u00c1N! MIRA SUS PRIMERAS FOTOS CON LUCIEN LAVISCOUNT PARA \u2018LA PUNTER\u00cdA\u2019"},"content":{"rendered":"<blockquote>\n<p class=\"prose-text\" style=\"text-align: left;\" data-mrf-recirculation=\"Links article\">Al parecer, junto con el lanzamiento del nuevo disco de Shakira, <b>Las mujeres ya no lloran<\/b>, sus fan\u00e1ticos podr\u00e1n disfrutar tambi\u00e9n del <b>estreno del video musical<\/b> del sencillo que encabeza el \u00e1lbum, <i><b>La Punter\u00eda.<\/b><\/i><\/p>\n<\/blockquote>\n<p class=\"prose-text\" data-mrf-recirculation=\"Links article\">El dueto con la<b> rapera estadounidense Cardi B<\/b> ha sido promocionado ampliamente por la cantante colombiana en sus redes sociales con clips de detr\u00e1s de c\u00e1mara de la filmaci\u00f3n, pero han sido las <b>fotos con el actor Lucien Laviscount<\/b> las que hoy causan revuelo.<\/p>\n<p>Seg\u00fan anticip\u00f3 la artista, el Lucien ser\u00e1 la presencia masculina en el video.<b> El actor de <\/b><i><b>Emily en Par\u00eds <\/b><\/i><b>ser\u00e1 un centauro en un planeta gobernado por mujeres<\/b>, al estilo de las Amazonas, hijas de Artemisa.<\/p>\n<p data-mrf-recirculation=\"Links article\">\u201cLo cazo y le crecen piernas y se vuelve humano.<b> El video es muy femenino y hermoso, con una historia muy interesante que es una analog\u00eda con el empoderamiento de las mujeres<\/b>\u201d, revel\u00f3 Shakira para <i><b>The Times UK<\/b><\/i>.<\/p>\n<p data-mrf-recirculation=\"Links article\">Lucien Laviscount, <b>actor brit\u00e1nico de 31 a\u00f1os y 1.77 de altura,<\/b> salt\u00f3 a la fama al unirse al elenco de la serie de Netflix protagonizada por <b>Lily Collins.<\/b><\/p>\n<p>F: EL UNIVERSO<\/p>\n<p>#Life #LifeNoticias #RadioLife995FM #InformativoLife #Babahoyo #ThiIsLife #SintonizaLaVida<\/p>\n<p data-mrf-recirculation=\"Links article\">\n","protected":false},"excerpt":{"rendered":"<p>Al parecer, junto con el lanzamiento del nuevo disco de Shakira, Las mujeres ya no lloran, sus fan\u00e1ticos podr\u00e1n disfrutar tambi\u00e9n del estreno del video musical del sencillo que encabeza el \u00e1lbum, La Punter\u00eda. El dueto con la rapera estadounidense Cardi B ha sido promocionado ampliamente por la cantante colombiana en sus redes sociales con [&hellip;]<\/p>\n","protected":false},"author":1,"featured_media":4740,"comment_status":"open","ping_status":"closed","sticky":false,"template":"","format":"standard","meta":{"footnotes":""},"categories":[26,24],"tags":[],"class_list":["post-4737","post","type-post","status-publish","format-standard","has-post-thumbnail","hentry","category-entretenimiento","category-nacional"],"_links":{"self":[{"href":"https:\/\/lifefm.ec\/index.php\/wp-json\/wp\/v2\/posts\/4737","targetHints":{"allow":["GET"]}}],"collection":[{"href":"https:\/\/lifefm.ec\/index.php\/wp-json\/wp\/v2\/posts"}],"about":[{"href":"https:\/\/lifefm.ec\/index.php\/wp-json\/wp\/v2\/types\/post"}],"author":[{"embeddable":true,"href":"https:\/\/lifefm.ec\/index.php\/wp-json\/wp\/v2\/users\/1"}],"replies":[{"embeddable":true,"href":"https:\/\/lifefm.ec\/index.php\/wp-json\/wp\/v2\/comments?post=4737"}],"version-history":[{"count":1,"href":"https:\/\/lifefm.ec\/index.php\/wp-json\/wp\/v2\/posts\/4737\/revisions"}],"predecessor-version":[{"id":4746,"href":"https:\/\/lifefm.ec\/index.php\/wp-json\/wp\/v2\/posts\/4737\/revisions\/4746"}],"wp:featuredmedia":[{"embeddable":true,"href":"https:\/\/lifefm.ec\/index.php\/wp-json\/wp\/v2\/media\/4740"}],"wp:attachment":[{"href":"https:\/\/lifefm.ec\/index.php\/wp-json\/wp\/v2\/media?parent=4737"}],"wp:term":[{"taxonomy":"category","embeddable":true,"href":"https:\/\/lifefm.ec\/index.php\/wp-json\/wp\/v2\/categories?post=4737"},{"taxonomy":"post_tag","embeddable":true,"href":"https:\/\/lifefm.ec\/index.php\/wp-json\/wp\/v2\/tags?post=4737"}],"curies":[{"name":"wp","href":"https:\/\/api.w.org\/{rel}","templated":true}]}}