{"id":4697,"date":"2024-03-20T12:43:12","date_gmt":"2024-03-20T17:43:12","guid":{"rendered":"https:\/\/lifefm.ec\/?p=4697"},"modified":"2024-03-20T12:43:12","modified_gmt":"2024-03-20T17:43:12","slug":"salinas-acogio-carrera-ciclistica-amateur-letape-ecuador-by-tour-france","status":"publish","type":"post","link":"https:\/\/lifefm.ec\/index.php\/2024\/03\/20\/salinas-acogio-carrera-ciclistica-amateur-letape-ecuador-by-tour-france\/","title":{"rendered":"SALINAS ACOGI\u00d3 CARRERA CICL\u00cdSTICA AMATEUR L\u00b4ETAPE ECUADOR BY TOUR FRANCE"},"content":{"rendered":"<blockquote><p>Novecientos competidores fueron parte de la carrera cicl\u00edstica amateur L\u2019 Etape Ecuador by Tour France, que por primera vez tuvo como sede a Salinas, provincia de Santa Elena. Esta se desarroll\u00f3 el pasado domingo.<\/p><\/blockquote>\n<p>Hubo varias categor\u00edas, pero la distancia m\u00e1s larga fue de 140 kil\u00f3metros, la que en su recorrido incluy\u00f3 varios sectores de los cantones vecinos: La Libertad y Santa Elena.<\/p>\n<p>En la general de los 140 km, el ganador en varones fue Tyler Locke (canadiense), quien complet\u00f3 un tiempo de 3 horas, 31 minutos. \u00c9l fue escoltado por Segundo Navarrete y Renzo Molinero, ambos ecuatorianos, que se ubicaron en segundo y tercer lugar, respectivamente.<\/p>\n<p>\u201cEstoy muy feliz, me encanta esta competencia\u201d, fueron las expresiones de Tyler Locke, tras ser premiado y haber celebrado con champ\u00e1n junto a sus compa\u00f1eros.<\/p>\n<p>En tanto que en la general de mujer 140 km la ganadora fue la tricolor Daniela Isabel Regalado D\u00e1vila, mientras que en segundo puesto se ubic\u00f3 la cuencana Lorena D\u00e1vila y en tercera ubicaci\u00f3n estuvo Daniela J\u00edmenez, de Quito.<\/p>\n<p>Los seis deportistas obtuvieron su clasificaci\u00f3n para participar de la cita mundial 2025, de esta misma franquicia, que se desarrollar\u00e1 en Francia.<\/p>\n<p>\u201cEsta es una serie mundial que se realiza en m\u00e1s de una veintena de pa\u00edses, y que en cada serie clasifican tres hombres y tres mujeres, para el evento mundial que se desarrolla en Francia durante el Tour de Francia\u201d, dijo Pedro Vera, titular de Endepro, entidad que estuvo a cargo de la organizaci\u00f3n de la competencia.<\/p>\n<p>Adem\u00e1s de los 140 kil\u00f3metros hubo recorridos de 40 y 70 kil\u00f3metros y en las que hubo divisiones por edades. A las 06:00 partieron los competidores de la distancia m\u00e1s larga y 10 minutos m\u00e1s tarde el resto de participantes.<\/p>\n<p>El encargado de uno de los discursos al inicio fue el alcalde Dennis C\u00f3rdova, quien tambi\u00e9n realiz\u00f3 el recorrido e incluso bec\u00f3 a 50 deportistas locales para que tambi\u00e9n participaran del certamen.<\/p>\n<p>Hubo un gran despliegue de talento humano para la log\u00edstica, control y seguridad del evento. Se sum\u00f3 el respaldo del Municipio de Salinas, Comisi\u00f3n de Tr\u00e1nsito del Ecuador, Polic\u00eda Nacional, Fuerza Terrestre, adem\u00e1s de la empresa privada.<\/p>\n<p>F: El Universo<\/p>\n<p>#Life #LifeNoticias #RadioLife995FM #InformativoLife #Babahoyo #ThiIsLife #SintonizaLaVida<\/p>\n<p>&nbsp;<\/p>\n","protected":false},"excerpt":{"rendered":"<p>Novecientos competidores fueron parte de la carrera cicl\u00edstica amateur L\u2019 Etape Ecuador by Tour France, que por primera vez tuvo como sede a Salinas, provincia de Santa Elena. Esta se desarroll\u00f3 el pasado domingo. Hubo varias categor\u00edas, pero la distancia m\u00e1s larga fue de 140 kil\u00f3metros, la que en su recorrido incluy\u00f3 varios sectores de [&hellip;]<\/p>\n","protected":false},"author":1,"featured_media":4705,"comment_status":"open","ping_status":"closed","sticky":false,"template":"","format":"standard","meta":{"footnotes":""},"categories":[25],"tags":[],"class_list":["post-4697","post","type-post","status-publish","format-standard","has-post-thumbnail","hentry","category-deportes"],"_links":{"self":[{"href":"https:\/\/lifefm.ec\/index.php\/wp-json\/wp\/v2\/posts\/4697","targetHints":{"allow":["GET"]}}],"collection":[{"href":"https:\/\/lifefm.ec\/index.php\/wp-json\/wp\/v2\/posts"}],"about":[{"href":"https:\/\/lifefm.ec\/index.php\/wp-json\/wp\/v2\/types\/post"}],"author":[{"embeddable":true,"href":"https:\/\/lifefm.ec\/index.php\/wp-json\/wp\/v2\/users\/1"}],"replies":[{"embeddable":true,"href":"https:\/\/lifefm.ec\/index.php\/wp-json\/wp\/v2\/comments?post=4697"}],"version-history":[{"count":1,"href":"https:\/\/lifefm.ec\/index.php\/wp-json\/wp\/v2\/posts\/4697\/revisions"}],"predecessor-version":[{"id":4706,"href":"https:\/\/lifefm.ec\/index.php\/wp-json\/wp\/v2\/posts\/4697\/revisions\/4706"}],"wp:featuredmedia":[{"embeddable":true,"href":"https:\/\/lifefm.ec\/index.php\/wp-json\/wp\/v2\/media\/4705"}],"wp:attachment":[{"href":"https:\/\/lifefm.ec\/index.php\/wp-json\/wp\/v2\/media?parent=4697"}],"wp:term":[{"taxonomy":"category","embeddable":true,"href":"https:\/\/lifefm.ec\/index.php\/wp-json\/wp\/v2\/categories?post=4697"},{"taxonomy":"post_tag","embeddable":true,"href":"https:\/\/lifefm.ec\/index.php\/wp-json\/wp\/v2\/tags?post=4697"}],"curies":[{"name":"wp","href":"https:\/\/api.w.org\/{rel}","templated":true}]}}