{"id":4688,"date":"2024-03-20T12:16:36","date_gmt":"2024-03-20T17:16:36","guid":{"rendered":"https:\/\/lifefm.ec\/?p=4688"},"modified":"2024-03-20T12:16:36","modified_gmt":"2024-03-20T17:16:36","slug":"solicitan-la-sentencia-de-femicidio-para-el-crimen-de-la-cantante-sharon-por-parte-de-jose-serrano-segun-un-jurista","status":"publish","type":"post","link":"https:\/\/lifefm.ec\/index.php\/2024\/03\/20\/solicitan-la-sentencia-de-femicidio-para-el-crimen-de-la-cantante-sharon-por-parte-de-jose-serrano-segun-un-jurista\/","title":{"rendered":"SOLICITAN LA SENTENCIA DE &#8216;FEMICIDIO&#8217; PARA EL CRIMEN DE LA CANTANTE SHARON POR PARTE DE JOS\u00c9 SERRANO, SEG\u00daN UN JURISTA"},"content":{"rendered":"<blockquote><p>La comunidad ecuatoriana lament\u00f3 profundamente la p\u00e9rdida de la reconocida cantante, &#8216;Hechicera&#8217;, cuya vida fue truncada el 4 de enero de 2015 en la comuna de San Pablo, Ruta del Spondylus.<\/p><\/blockquote>\n<p>Recientes declaraciones del jurista V\u00edctor Rivadeneira, exasesor de Jos\u00e9 Serrano, exministro del Interior de Ecuador, han reavivado el debate en torno al asesinato de la cantante Sharon, ocurrido en la mencionada fecha. Rivadeneira revel\u00f3 el martes 19 de marzo que fue Jos\u00e9 Serrano quien solicit\u00f3 que se cambiara la sentencia contra Geovanny L. de homicidio culposo a femicidio, marcando as\u00ed un hito en el sistema jur\u00eddico ecuatoriano.<\/p>\n<p>El fiscal V\u00edctor Tomal\u00e1 de Santa Elena, inform\u00f3 que Geovanny L. hab\u00eda sido condenado el 30 de junio de 2015 a dos a\u00f1os de prisi\u00f3n por homicidio culposo, pero los jueces a cargo fueron suspendidos antes de notificar la sentencia, lo que llev\u00f3 a un segundo juicio que anul\u00f3 la primera sentencia.<\/p>\n<p>El segundo proceso legal tuvo lugar del 25 al 29 de octubre de 2015, resultando en una sentencia de 26 a\u00f1os de prisi\u00f3n para Geovanny L. por el asesinato de Edith Bermeo, nombre real de la artista, ratificada por la Corte Provincial de Justicia de Santa Elena en enero de 2016.<\/p>\n<p>En 2021, Geovanny L. solicit\u00f3 un recurso de habeas corpus para obtener la libertad.<\/p>\n<p>&nbsp;<\/p>\n<p>F: El Universo<br \/>\n#Life #LifeNoticias #RadioLife995FM #InformativoLife #Babahoyo #ThiIsLife #SintonizaLaVida<\/p>\n","protected":false},"excerpt":{"rendered":"<p>La comunidad ecuatoriana lament\u00f3 profundamente la p\u00e9rdida de la reconocida cantante, &#8216;Hechicera&#8217;, cuya vida fue truncada el 4 de enero de 2015 en la comuna de San Pablo, Ruta del Spondylus. Recientes declaraciones del jurista V\u00edctor Rivadeneira, exasesor de Jos\u00e9 Serrano, exministro del Interior de Ecuador, han reavivado el debate en torno al asesinato de [&hellip;]<\/p>\n","protected":false},"author":1,"featured_media":4691,"comment_status":"open","ping_status":"closed","sticky":false,"template":"","format":"standard","meta":{"footnotes":""},"categories":[26],"tags":[],"class_list":["post-4688","post","type-post","status-publish","format-standard","has-post-thumbnail","hentry","category-entretenimiento"],"_links":{"self":[{"href":"https:\/\/lifefm.ec\/index.php\/wp-json\/wp\/v2\/posts\/4688","targetHints":{"allow":["GET"]}}],"collection":[{"href":"https:\/\/lifefm.ec\/index.php\/wp-json\/wp\/v2\/posts"}],"about":[{"href":"https:\/\/lifefm.ec\/index.php\/wp-json\/wp\/v2\/types\/post"}],"author":[{"embeddable":true,"href":"https:\/\/lifefm.ec\/index.php\/wp-json\/wp\/v2\/users\/1"}],"replies":[{"embeddable":true,"href":"https:\/\/lifefm.ec\/index.php\/wp-json\/wp\/v2\/comments?post=4688"}],"version-history":[{"count":1,"href":"https:\/\/lifefm.ec\/index.php\/wp-json\/wp\/v2\/posts\/4688\/revisions"}],"predecessor-version":[{"id":4692,"href":"https:\/\/lifefm.ec\/index.php\/wp-json\/wp\/v2\/posts\/4688\/revisions\/4692"}],"wp:featuredmedia":[{"embeddable":true,"href":"https:\/\/lifefm.ec\/index.php\/wp-json\/wp\/v2\/media\/4691"}],"wp:attachment":[{"href":"https:\/\/lifefm.ec\/index.php\/wp-json\/wp\/v2\/media?parent=4688"}],"wp:term":[{"taxonomy":"category","embeddable":true,"href":"https:\/\/lifefm.ec\/index.php\/wp-json\/wp\/v2\/categories?post=4688"},{"taxonomy":"post_tag","embeddable":true,"href":"https:\/\/lifefm.ec\/index.php\/wp-json\/wp\/v2\/tags?post=4688"}],"curies":[{"name":"wp","href":"https:\/\/api.w.org\/{rel}","templated":true}]}}