{"id":4649,"date":"2024-03-20T10:58:19","date_gmt":"2024-03-20T15:58:19","guid":{"rendered":"https:\/\/lifefm.ec\/?p=4649"},"modified":"2024-03-20T10:58:19","modified_gmt":"2024-03-20T15:58:19","slug":"la-hermana-de-kris-jenner-fallecio-a-los-65-anos","status":"publish","type":"post","link":"https:\/\/lifefm.ec\/index.php\/2024\/03\/20\/la-hermana-de-kris-jenner-fallecio-a-los-65-anos\/","title":{"rendered":"LA HERMANA DE KRIS JENNER FALLECI\u00d3 A LOS 65 A\u00d1OS"},"content":{"rendered":"<blockquote><p>La l\u00edder del clan Kardashian, Kris Jenner, comparti\u00f3 en sus redes sociales la triste noticia del fallecimiento de su hermana menor, Karen Houghton, a la edad de 65 a\u00f1os el pasado lunes 18 de marzo.<\/p><\/blockquote>\n<p>Jenner utiliz\u00f3 su cuenta personal de Instagram para expresar su dolor y rendir homenaje a su hermana, publicando una serie de fotos que capturaban momentos significativos a lo largo de los a\u00f1os que compartieron juntas. En su emotivo mensaje, Jenner describi\u00f3 a Karen como una persona hermosa tanto por dentro como por fuera, destacando su dulzura, amabilidad, sensibilidad y sentido del humor.<\/p>\n<p>Expres\u00f3 su profundo pesar por la p\u00e9rdida y envi\u00f3 sus oraciones a su madre MJ y su sobrina Natalie, pidiendo a Dios que los gu\u00ede en este momento dif\u00edcil. Jenner reflexion\u00f3 sobre la brevedad de la vida y la importancia de expresar amor y aprecio a quienes valoramos, concluyendo su mensaje con un llamado a la gratitud por los recuerdos compartidos.<\/p>\n<p>Hasta el momento, la causa de la muerte de Karen no ha sido revelada. Adem\u00e1s de trabajar como enfermera a tiempo parcial, Karen tambi\u00e9n fue autora de dos libros de cocina.<\/p>\n<p>F: El Universo<br \/>\n#Life #LifeNoticias #RadioLife995FM #InformativoLife #Babahoyo #ThiIsLife #SintonizaLaVida<\/p>\n","protected":false},"excerpt":{"rendered":"<p>La l\u00edder del clan Kardashian, Kris Jenner, comparti\u00f3 en sus redes sociales la triste noticia del fallecimiento de su hermana menor, Karen Houghton, a la edad de 65 a\u00f1os el pasado lunes 18 de marzo. Jenner utiliz\u00f3 su cuenta personal de Instagram para expresar su dolor y rendir homenaje a su hermana, publicando una serie [&hellip;]<\/p>\n","protected":false},"author":1,"featured_media":4654,"comment_status":"open","ping_status":"closed","sticky":false,"template":"","format":"standard","meta":{"footnotes":""},"categories":[26],"tags":[],"class_list":["post-4649","post","type-post","status-publish","format-standard","has-post-thumbnail","hentry","category-entretenimiento"],"_links":{"self":[{"href":"https:\/\/lifefm.ec\/index.php\/wp-json\/wp\/v2\/posts\/4649","targetHints":{"allow":["GET"]}}],"collection":[{"href":"https:\/\/lifefm.ec\/index.php\/wp-json\/wp\/v2\/posts"}],"about":[{"href":"https:\/\/lifefm.ec\/index.php\/wp-json\/wp\/v2\/types\/post"}],"author":[{"embeddable":true,"href":"https:\/\/lifefm.ec\/index.php\/wp-json\/wp\/v2\/users\/1"}],"replies":[{"embeddable":true,"href":"https:\/\/lifefm.ec\/index.php\/wp-json\/wp\/v2\/comments?post=4649"}],"version-history":[{"count":1,"href":"https:\/\/lifefm.ec\/index.php\/wp-json\/wp\/v2\/posts\/4649\/revisions"}],"predecessor-version":[{"id":4657,"href":"https:\/\/lifefm.ec\/index.php\/wp-json\/wp\/v2\/posts\/4649\/revisions\/4657"}],"wp:featuredmedia":[{"embeddable":true,"href":"https:\/\/lifefm.ec\/index.php\/wp-json\/wp\/v2\/media\/4654"}],"wp:attachment":[{"href":"https:\/\/lifefm.ec\/index.php\/wp-json\/wp\/v2\/media?parent=4649"}],"wp:term":[{"taxonomy":"category","embeddable":true,"href":"https:\/\/lifefm.ec\/index.php\/wp-json\/wp\/v2\/categories?post=4649"},{"taxonomy":"post_tag","embeddable":true,"href":"https:\/\/lifefm.ec\/index.php\/wp-json\/wp\/v2\/tags?post=4649"}],"curies":[{"name":"wp","href":"https:\/\/api.w.org\/{rel}","templated":true}]}}