{"id":4642,"date":"2024-03-20T10:48:44","date_gmt":"2024-03-20T15:48:44","guid":{"rendered":"https:\/\/lifefm.ec\/?p=4642"},"modified":"2024-03-20T10:48:44","modified_gmt":"2024-03-20T15:48:44","slug":"beyonce-revela-la-portada-de-su-nueva-album-que-saldra-en-9-dias","status":"publish","type":"post","link":"https:\/\/lifefm.ec\/index.php\/2024\/03\/20\/beyonce-revela-la-portada-de-su-nueva-album-que-saldra-en-9-dias\/","title":{"rendered":"BEYONC\u00c9 REVELA LA PORTADA DE SU NUEVA ALB\u00daM QUE SALDR\u00c1 EN 9 D\u00cdAS"},"content":{"rendered":"<blockquote><p>El esperado \u00e1lbum de Beyonc\u00e9, \u00abCowboy Carter\u00bb, est\u00e1 a punto de lanzarse, y ya se ha revelado la portada del disco. La reconocida cantante estadounidense, de 42 a\u00f1os, tiene previsto estrenarlo el viernes 29 de marzo.<\/p><\/blockquote>\n<p>A trav\u00e9s de su cuenta de Instagram, que cuenta con 319 millones de seguidores, Beyonc\u00e9 comparti\u00f3 la imagen de la portada del \u00e1lbum. En la fotograf\u00eda, la artista luce un atuendo vaquero patri\u00f3tico, completo con un sombrero blanco y una banda que lleva el nombre de la producci\u00f3n discogr\u00e1fica. En un emotivo mensaje, Beyonc\u00e9 revel\u00f3 que este \u00e1lbum ha sido un proceso de m\u00e1s de cinco a\u00f1os en realizarse. Surgi\u00f3 de una experiencia personal en la que no se sinti\u00f3 acogida, lo que la llev\u00f3 a explorar m\u00e1s a fondo la m\u00fasica country y estudiar su rica historia musical. La cantante expres\u00f3 su gratitud por c\u00f3mo la m\u00fasica puede unir a personas de todo el mundo.<\/p>\n<p>Adem\u00e1s, Beyonc\u00e9 comparti\u00f3 sus desaf\u00edos al incursionar en este g\u00e9nero musical, superando las limitaciones impuestas por las cr\u00edticas iniciales. Ella espera que los oyentes puedan percibir la dedicaci\u00f3n y pasi\u00f3n que ha puesto en cada detalle y sonido del \u00e1lbum. Tambi\u00e9n adelant\u00f3 que los fan\u00e1ticos pueden esperar \u00abalgunas sorpresas\u00bb y colaboraciones con artistas que admira profundamente.<\/p>\n<p>F: El Universo<br \/>\n#Life #LifeNoticias #RadioLife995FM #InformativoLife #Babahoyo #ThiIsLife #SintonizaLaVida<\/p>\n","protected":false},"excerpt":{"rendered":"<p>El esperado \u00e1lbum de Beyonc\u00e9, \u00abCowboy Carter\u00bb, est\u00e1 a punto de lanzarse, y ya se ha revelado la portada del disco. La reconocida cantante estadounidense, de 42 a\u00f1os, tiene previsto estrenarlo el viernes 29 de marzo. A trav\u00e9s de su cuenta de Instagram, que cuenta con 319 millones de seguidores, Beyonc\u00e9 comparti\u00f3 la imagen de [&hellip;]<\/p>\n","protected":false},"author":1,"featured_media":4647,"comment_status":"open","ping_status":"closed","sticky":false,"template":"","format":"standard","meta":{"footnotes":""},"categories":[26],"tags":[],"class_list":["post-4642","post","type-post","status-publish","format-standard","has-post-thumbnail","hentry","category-entretenimiento"],"_links":{"self":[{"href":"https:\/\/lifefm.ec\/index.php\/wp-json\/wp\/v2\/posts\/4642","targetHints":{"allow":["GET"]}}],"collection":[{"href":"https:\/\/lifefm.ec\/index.php\/wp-json\/wp\/v2\/posts"}],"about":[{"href":"https:\/\/lifefm.ec\/index.php\/wp-json\/wp\/v2\/types\/post"}],"author":[{"embeddable":true,"href":"https:\/\/lifefm.ec\/index.php\/wp-json\/wp\/v2\/users\/1"}],"replies":[{"embeddable":true,"href":"https:\/\/lifefm.ec\/index.php\/wp-json\/wp\/v2\/comments?post=4642"}],"version-history":[{"count":1,"href":"https:\/\/lifefm.ec\/index.php\/wp-json\/wp\/v2\/posts\/4642\/revisions"}],"predecessor-version":[{"id":4648,"href":"https:\/\/lifefm.ec\/index.php\/wp-json\/wp\/v2\/posts\/4642\/revisions\/4648"}],"wp:featuredmedia":[{"embeddable":true,"href":"https:\/\/lifefm.ec\/index.php\/wp-json\/wp\/v2\/media\/4647"}],"wp:attachment":[{"href":"https:\/\/lifefm.ec\/index.php\/wp-json\/wp\/v2\/media?parent=4642"}],"wp:term":[{"taxonomy":"category","embeddable":true,"href":"https:\/\/lifefm.ec\/index.php\/wp-json\/wp\/v2\/categories?post=4642"},{"taxonomy":"post_tag","embeddable":true,"href":"https:\/\/lifefm.ec\/index.php\/wp-json\/wp\/v2\/tags?post=4642"}],"curies":[{"name":"wp","href":"https:\/\/api.w.org\/{rel}","templated":true}]}}