{"id":4601,"date":"2024-03-20T09:49:50","date_gmt":"2024-03-20T14:49:50","guid":{"rendered":"https:\/\/lifefm.ec\/?p=4601"},"modified":"2024-03-20T09:49:50","modified_gmt":"2024-03-20T14:49:50","slug":"cristiano-ronaldo-y-andres-iniesta-embajadores-de-candidatura-del-mundial-2030","status":"publish","type":"post","link":"https:\/\/lifefm.ec\/index.php\/2024\/03\/20\/cristiano-ronaldo-y-andres-iniesta-embajadores-de-candidatura-del-mundial-2030\/","title":{"rendered":"CRISTIANO RONALDO Y ANDR\u00c9S INIESTA, EMBAJADORES DE CANDIDATURA DEL MUNDIAL 2030"},"content":{"rendered":"<blockquote><p>Cristiano Ronaldo, Andr\u00e9s Iniesta y Nouredinne Naybet son algunos de los embajadores de la candidatura conjunta de Espa\u00f1a, Portugal y Marruecos para el Mundial 2030.<\/p><\/blockquote>\n<p>Los embajadores fueron presentados en una ceremonia en la Ciudad del F\u00fatbol de Oeiras, en las afueras de Lisboa, donde la candidatura present\u00f3 tambi\u00e9n su logotipo y su visi\u00f3n.<\/p>\n<p>Adem\u00e1s de Cristiano, Iniesta y Naybet, est\u00e1n Luis Figo, Irene Paredes, \u00c1lvaro Morata, Yassine Bounou, Ghizlane Chebbak y Emmanuel Debayor y Dolores Silva.<\/p>\n<p>No todos ellos estuvieron presentes este martes en la Ciudad del F\u00fatbol y algunos de ellos como Cristiano Ronaldo, Morata o Iniesta optaron por grabar v\u00eddeos.<\/p>\n<p>Morata destac\u00f3 en su grabaci\u00f3n \u201cla pasi\u00f3n compartida\u201d por los tres pa\u00edses que est\u00e1n en dos continentes y el mensaje de unidad y paz que quiere dar este mundial.<\/p>\n<p>Por su parte, Cristiano dijo en un improvisado v\u00eddeo que \u201cPortugal ya demostr\u00f3 en el pasado su capacidad de organizaci\u00f3n\u201d y que 2030 va a ser un a\u00f1o de \u201cgloria y \u00e9xito\u201d.<\/p>\n<p>Por su parte, Andr\u00e9s Iniesta record\u00f3 lo \u201cespecial\u201d que es ganar un mundial, y lo especial que puede ser tambi\u00e9n vivirlo en el pa\u00eds de uno mismo.<\/p>\n<p>\u201cYo nac\u00ed en el 1984 y pude comprobar el impacto\u201d del mundial de 1982 en Espa\u00f1a, remarc\u00f3.<\/p>\n<p>Figo, que s\u00ed que estuvo en la ceremonia, subray\u00f3 la importancia de ensalzar la relaci\u00f3n entre el p\u00fablico y los jugadores, y record\u00f3 la Eurocopa de 2004 organizada por Portugal, que fue una victoria no solo para el pa\u00eds sino europea.<\/p>\n<p>F: El Universo<\/p>\n<p>#Life #LifeNoticias #RadioLife995FM #InformativoLife #Babahoyo #ThiIsLife #SintonizaLaVida<\/p>\n<p>&nbsp;<\/p>\n","protected":false},"excerpt":{"rendered":"<p>Cristiano Ronaldo, Andr\u00e9s Iniesta y Nouredinne Naybet son algunos de los embajadores de la candidatura conjunta de Espa\u00f1a, Portugal y Marruecos para el Mundial 2030. Los embajadores fueron presentados en una ceremonia en la Ciudad del F\u00fatbol de Oeiras, en las afueras de Lisboa, donde la candidatura present\u00f3 tambi\u00e9n su logotipo y su visi\u00f3n. Adem\u00e1s [&hellip;]<\/p>\n","protected":false},"author":1,"featured_media":4604,"comment_status":"open","ping_status":"closed","sticky":false,"template":"","format":"standard","meta":{"footnotes":""},"categories":[25],"tags":[],"class_list":["post-4601","post","type-post","status-publish","format-standard","has-post-thumbnail","hentry","category-deportes"],"_links":{"self":[{"href":"https:\/\/lifefm.ec\/index.php\/wp-json\/wp\/v2\/posts\/4601","targetHints":{"allow":["GET"]}}],"collection":[{"href":"https:\/\/lifefm.ec\/index.php\/wp-json\/wp\/v2\/posts"}],"about":[{"href":"https:\/\/lifefm.ec\/index.php\/wp-json\/wp\/v2\/types\/post"}],"author":[{"embeddable":true,"href":"https:\/\/lifefm.ec\/index.php\/wp-json\/wp\/v2\/users\/1"}],"replies":[{"embeddable":true,"href":"https:\/\/lifefm.ec\/index.php\/wp-json\/wp\/v2\/comments?post=4601"}],"version-history":[{"count":1,"href":"https:\/\/lifefm.ec\/index.php\/wp-json\/wp\/v2\/posts\/4601\/revisions"}],"predecessor-version":[{"id":4607,"href":"https:\/\/lifefm.ec\/index.php\/wp-json\/wp\/v2\/posts\/4601\/revisions\/4607"}],"wp:featuredmedia":[{"embeddable":true,"href":"https:\/\/lifefm.ec\/index.php\/wp-json\/wp\/v2\/media\/4604"}],"wp:attachment":[{"href":"https:\/\/lifefm.ec\/index.php\/wp-json\/wp\/v2\/media?parent=4601"}],"wp:term":[{"taxonomy":"category","embeddable":true,"href":"https:\/\/lifefm.ec\/index.php\/wp-json\/wp\/v2\/categories?post=4601"},{"taxonomy":"post_tag","embeddable":true,"href":"https:\/\/lifefm.ec\/index.php\/wp-json\/wp\/v2\/tags?post=4601"}],"curies":[{"name":"wp","href":"https:\/\/api.w.org\/{rel}","templated":true}]}}