{"id":4566,"date":"2024-03-19T13:04:41","date_gmt":"2024-03-19T18:04:41","guid":{"rendered":"https:\/\/lifefm.ec\/?p=4566"},"modified":"2024-03-19T13:04:41","modified_gmt":"2024-03-19T18:04:41","slug":"mama-es-la-palabra-favorita-de-lavinia-valbonesi-asi-lo-confiesa-en-redes-sociales","status":"publish","type":"post","link":"https:\/\/lifefm.ec\/index.php\/2024\/03\/19\/mama-es-la-palabra-favorita-de-lavinia-valbonesi-asi-lo-confiesa-en-redes-sociales\/","title":{"rendered":"\u00ab\u00a1MAM\u00c1\u00bb ES LA PALABRA FAVORITA DE LAVINIA VALBONESI, AS\u00cd LO CONFIESA EN REDES SOCIALES!"},"content":{"rendered":"<blockquote><p>La influencer y empresaria de 25 a\u00f1os comparte con sus seguidores momentos especiales junto a sus dos hijos, fruto de su matrimonio con el presidente.<\/p><\/blockquote>\n<p>Lavinia Valbonesi, primera dama de Ecuador, comparte con sus m\u00e1s de 687,000 seguidores en redes sociales los momentos especiales con sus hijos. Ayer, lunes 18 de marzo, public\u00f3 una imagen junto a ellos con el mensaje: \u201cMam\u00e1 es mi palabra favorita\u201d. El cari\u00f1oso post ha recibido m\u00e1s de 10,000 me gusta y 300 comentarios.<\/p>\n<p>A los 25 a\u00f1os, se convirti\u00f3 en madre por segunda vez el pasado 16 de enero, cuando naci\u00f3 Furio en Estados Unidos, nombrado en honor al padre italiano de la joven. El beb\u00e9 celebr\u00f3 su segundo mes de vida este marzo.<\/p>\n<p>\u00c1lvaro, su primog\u00e9nito, cumpli\u00f3 2 a\u00f1os el pasado viernes 23 de febrero con una fiesta tem\u00e1tica vaquera.<\/p>\n<p>La hermana mayor de ambos es Luisa, de 4 a\u00f1os, fruto del primer matrimonio del presidente Daniel Noboa, de 36 a\u00f1os, con la empresaria y dise\u00f1adora guayaquile\u00f1a Gabriela Goldbaum.<\/p>\n<p>&nbsp;<\/p>\n<p>F: El Universo<\/p>\n<p>#Life #LifeNoticias #RadioLife995FM #InformativoLife #Babahoyo #ThiIsLife #SintonizaLaVida<\/p>\n","protected":false},"excerpt":{"rendered":"<p>La influencer y empresaria de 25 a\u00f1os comparte con sus seguidores momentos especiales junto a sus dos hijos, fruto de su matrimonio con el presidente. Lavinia Valbonesi, primera dama de Ecuador, comparte con sus m\u00e1s de 687,000 seguidores en redes sociales los momentos especiales con sus hijos. Ayer, lunes 18 de marzo, public\u00f3 una imagen [&hellip;]<\/p>\n","protected":false},"author":1,"featured_media":4567,"comment_status":"open","ping_status":"closed","sticky":false,"template":"","format":"standard","meta":{"footnotes":""},"categories":[26],"tags":[],"class_list":["post-4566","post","type-post","status-publish","format-standard","has-post-thumbnail","hentry","category-entretenimiento"],"_links":{"self":[{"href":"https:\/\/lifefm.ec\/index.php\/wp-json\/wp\/v2\/posts\/4566","targetHints":{"allow":["GET"]}}],"collection":[{"href":"https:\/\/lifefm.ec\/index.php\/wp-json\/wp\/v2\/posts"}],"about":[{"href":"https:\/\/lifefm.ec\/index.php\/wp-json\/wp\/v2\/types\/post"}],"author":[{"embeddable":true,"href":"https:\/\/lifefm.ec\/index.php\/wp-json\/wp\/v2\/users\/1"}],"replies":[{"embeddable":true,"href":"https:\/\/lifefm.ec\/index.php\/wp-json\/wp\/v2\/comments?post=4566"}],"version-history":[{"count":1,"href":"https:\/\/lifefm.ec\/index.php\/wp-json\/wp\/v2\/posts\/4566\/revisions"}],"predecessor-version":[{"id":4568,"href":"https:\/\/lifefm.ec\/index.php\/wp-json\/wp\/v2\/posts\/4566\/revisions\/4568"}],"wp:featuredmedia":[{"embeddable":true,"href":"https:\/\/lifefm.ec\/index.php\/wp-json\/wp\/v2\/media\/4567"}],"wp:attachment":[{"href":"https:\/\/lifefm.ec\/index.php\/wp-json\/wp\/v2\/media?parent=4566"}],"wp:term":[{"taxonomy":"category","embeddable":true,"href":"https:\/\/lifefm.ec\/index.php\/wp-json\/wp\/v2\/categories?post=4566"},{"taxonomy":"post_tag","embeddable":true,"href":"https:\/\/lifefm.ec\/index.php\/wp-json\/wp\/v2\/tags?post=4566"}],"curies":[{"name":"wp","href":"https:\/\/api.w.org\/{rel}","templated":true}]}}