{"id":4554,"date":"2024-03-19T12:26:11","date_gmt":"2024-03-19T17:26:11","guid":{"rendered":"https:\/\/lifefm.ec\/?p=4554"},"modified":"2024-03-19T12:26:11","modified_gmt":"2024-03-19T17:26:11","slug":"otra-imagen-modificada-de-kate-middleton-revelada-en-la-cual-aparece-la-reina-isabel-ii-con-ninos-de-la-realeza","status":"publish","type":"post","link":"https:\/\/lifefm.ec\/index.php\/2024\/03\/19\/otra-imagen-modificada-de-kate-middleton-revelada-en-la-cual-aparece-la-reina-isabel-ii-con-ninos-de-la-realeza\/","title":{"rendered":"OTRA IMAGEN MODIFICADA DE KATE MIDDLETON REVELADA, EN LA CUAL APARECE LA REINA ISABEL II CON NI\u00d1OS DE LA REALEZA"},"content":{"rendered":"<blockquote><p>Casi un a\u00f1o despu\u00e9s, Getty Images anunci\u00f3 que la fotograf\u00eda en la que aparece la fallecida reina Isabel II junto con ni\u00f1os de la realeza, incluidos sus nietos, hab\u00eda sido manipulada por Kate Middleton.<\/p><\/blockquote>\n<p>Una vez m\u00e1s, Kate Middleton enfrenta cr\u00edticas por la alteraci\u00f3n de una fotograf\u00eda. En esta ocasi\u00f3n, se trata de una imagen capturada durante un viaje familiar a Balmoral, donde se ve a la reina Isabel II junto con el pr\u00edncipe George, la princesa Charlotte y el pr\u00edncipe Louis.<\/p>\n<p>La fotograf\u00eda fue tomada por Middleton y compartida en su cuenta oficial de Instagram el 21 de abril de 2023, con motivo del cumplea\u00f1os 97 de la reina.<\/p>\n<p>El lunes pasado, Getty Images revel\u00f3 que la imagen hab\u00eda sido manipulada digitalmente. Seg\u00fan un portavoz de Getty, \u00abla imagen ha sido mejorada digitalmente en la fuente\u00bb, como se indic\u00f3 en una nota del editor adjunta a la fotograf\u00eda, seg\u00fan inform\u00f3 The Telegraph.<\/p>\n<p>El medio destac\u00f3 varias inconsistencias, entre ellas, una l\u00ednea vertical en el tart\u00e1n de la falda de Isabel que no coincide y una repetici\u00f3n digital del cabello de Mia Tindall, prima de los pr\u00edncipes de Gales.<\/p>\n<p>&nbsp;<\/p>\n<p>F: El Universo<\/p>\n<p>#Life #LifeNoticias #RadioLife995FM #InformativoLife #Babahoyo #ThiIsLife #SintonizaLaVida<\/p>\n","protected":false},"excerpt":{"rendered":"<p>Casi un a\u00f1o despu\u00e9s, Getty Images anunci\u00f3 que la fotograf\u00eda en la que aparece la fallecida reina Isabel II junto con ni\u00f1os de la realeza, incluidos sus nietos, hab\u00eda sido manipulada por Kate Middleton. Una vez m\u00e1s, Kate Middleton enfrenta cr\u00edticas por la alteraci\u00f3n de una fotograf\u00eda. En esta ocasi\u00f3n, se trata de una imagen [&hellip;]<\/p>\n","protected":false},"author":1,"featured_media":4555,"comment_status":"open","ping_status":"closed","sticky":false,"template":"","format":"standard","meta":{"footnotes":""},"categories":[26],"tags":[],"class_list":["post-4554","post","type-post","status-publish","format-standard","has-post-thumbnail","hentry","category-entretenimiento"],"_links":{"self":[{"href":"https:\/\/lifefm.ec\/index.php\/wp-json\/wp\/v2\/posts\/4554","targetHints":{"allow":["GET"]}}],"collection":[{"href":"https:\/\/lifefm.ec\/index.php\/wp-json\/wp\/v2\/posts"}],"about":[{"href":"https:\/\/lifefm.ec\/index.php\/wp-json\/wp\/v2\/types\/post"}],"author":[{"embeddable":true,"href":"https:\/\/lifefm.ec\/index.php\/wp-json\/wp\/v2\/users\/1"}],"replies":[{"embeddable":true,"href":"https:\/\/lifefm.ec\/index.php\/wp-json\/wp\/v2\/comments?post=4554"}],"version-history":[{"count":1,"href":"https:\/\/lifefm.ec\/index.php\/wp-json\/wp\/v2\/posts\/4554\/revisions"}],"predecessor-version":[{"id":4556,"href":"https:\/\/lifefm.ec\/index.php\/wp-json\/wp\/v2\/posts\/4554\/revisions\/4556"}],"wp:featuredmedia":[{"embeddable":true,"href":"https:\/\/lifefm.ec\/index.php\/wp-json\/wp\/v2\/media\/4555"}],"wp:attachment":[{"href":"https:\/\/lifefm.ec\/index.php\/wp-json\/wp\/v2\/media?parent=4554"}],"wp:term":[{"taxonomy":"category","embeddable":true,"href":"https:\/\/lifefm.ec\/index.php\/wp-json\/wp\/v2\/categories?post=4554"},{"taxonomy":"post_tag","embeddable":true,"href":"https:\/\/lifefm.ec\/index.php\/wp-json\/wp\/v2\/tags?post=4554"}],"curies":[{"name":"wp","href":"https:\/\/api.w.org\/{rel}","templated":true}]}}