{"id":4494,"date":"2024-03-19T10:38:19","date_gmt":"2024-03-19T15:38:19","guid":{"rendered":"https:\/\/lifefm.ec\/?p=4494"},"modified":"2024-03-19T10:38:19","modified_gmt":"2024-03-19T15:38:19","slug":"tres-decadas-del-pensamiento-politico-de-blasco-penaherrera-padilla-se-recopilan-en-un-libro","status":"publish","type":"post","link":"https:\/\/lifefm.ec\/index.php\/2024\/03\/19\/tres-decadas-del-pensamiento-politico-de-blasco-penaherrera-padilla-se-recopilan-en-un-libro\/","title":{"rendered":"TRES D\u00c9CADAS DEL PENSAMIENTO POL\u00cdTICO DE BLASCO PE\u00d1AHERRERA PADILLA SE RECOPILAN EN UN LIBRO"},"content":{"rendered":"<blockquote><p>La recopilaci\u00f3n de las columnas de opini\u00f3n del pol\u00edtico y periodista Blasco Pe\u00f1aherrera Padilla, que abarcan tres d\u00e9cadas de su pensamiento pol\u00edtico, se ha plasmado en el libro titulado \u00abControversia y propuesta; en las \u00faltimas d\u00e9cadas del siglo XX\u00bb. Este trabajo ha sido publicado por la Universidad Andina Sim\u00f3n Bol\u00edvar y la Corporaci\u00f3n Editora Nacional.<\/p><\/blockquote>\n<p>El libro, que consta de 317 p\u00e1ginas, re\u00fane las columnas destacadas que Pe\u00f1aherrera Padilla escribi\u00f3 para la revista Vistazo entre los a\u00f1os 60 y 90, per\u00edodo en el que tambi\u00e9n fungi\u00f3 como periodista y subdirector en Quito. Se organiza en cuatro secciones tem\u00e1ticas: Controversia, Temas pol\u00edticos, Historia pol\u00edtica e Internacionales.<\/p>\n<p>Nacido en Quito en 1934, Pe\u00f1aherrera Padilla fue un prominente miembro del Partido Liberal y ocup\u00f3 varios roles destacados en la esfera p\u00fablica, incluyendo ministro de Gobierno, presidente de la Junta Nacional de Planificaci\u00f3n, director en la Corporaci\u00f3n Andina de Fomento, y diputado nacional alterno por el Partido Liberal, entre otros cargos.<\/p>\n<p>Su per\u00edodo m\u00e1s destacado fue como vicepresidente de la Rep\u00fablica durante el Gobierno de Le\u00f3n Febres-Cordero entre 1984 y 1988. Sin embargo, su relaci\u00f3n con el presidente se fractur\u00f3 tras el secuestro del mandatario en la base de Taura en enero de 1987. Posteriormente, Pe\u00f1aherrera Padilla ocup\u00f3 cargos como embajador y representante de Ecuador ante la Organizaci\u00f3n de Estados Americanos (OEA).<\/p>\n<p>La idea de compilar algunas de sus columnas m\u00e1s importantes en un libro surgi\u00f3 de su amigo Enrique Ayala Mora, pol\u00edtico e historiador. Ayala Mora y Pe\u00f1aherrera Padilla seleccionaron juntos las piezas que ahora forman parte de este texto, destacando la amistad que los une a pesar de sus diferencias pol\u00edticas.<\/p>\n<p>En el evento de presentaci\u00f3n del libro, realizado el 15 de marzo en Quito, Ayala Mora enfatiz\u00f3 la importancia de estas p\u00e1ginas como un testimonio del pensamiento ecuatoriano. Tambi\u00e9n particip\u00f3 en el evento el hijo del exvicepresidente, Blasco Pe\u00f1aherrera Solah, quien destac\u00f3 la integridad y el compromiso de su padre con la democracia, la justicia y pol\u00edticas p\u00fablicas coherentes. Pe\u00f1aherrera Solah expres\u00f3 la preocupaci\u00f3n de su padre y de muchos ecuatorianos por el deterioro de los poderes del Estado.<\/p>\n<p>F: El Universo<br \/>\n#Life #LifeNoticias #RadioLife995FM #InformativoLife #Babahoyo #ThiIsLife #SintonizaLaVida<\/p>\n","protected":false},"excerpt":{"rendered":"<p>La recopilaci\u00f3n de las columnas de opini\u00f3n del pol\u00edtico y periodista Blasco Pe\u00f1aherrera Padilla, que abarcan tres d\u00e9cadas de su pensamiento pol\u00edtico, se ha plasmado en el libro titulado \u00abControversia y propuesta; en las \u00faltimas d\u00e9cadas del siglo XX\u00bb. Este trabajo ha sido publicado por la Universidad Andina Sim\u00f3n Bol\u00edvar y la Corporaci\u00f3n Editora Nacional. [&hellip;]<\/p>\n","protected":false},"author":1,"featured_media":4499,"comment_status":"open","ping_status":"closed","sticky":false,"template":"","format":"standard","meta":{"footnotes":""},"categories":[26],"tags":[],"class_list":["post-4494","post","type-post","status-publish","format-standard","has-post-thumbnail","hentry","category-entretenimiento"],"_links":{"self":[{"href":"https:\/\/lifefm.ec\/index.php\/wp-json\/wp\/v2\/posts\/4494","targetHints":{"allow":["GET"]}}],"collection":[{"href":"https:\/\/lifefm.ec\/index.php\/wp-json\/wp\/v2\/posts"}],"about":[{"href":"https:\/\/lifefm.ec\/index.php\/wp-json\/wp\/v2\/types\/post"}],"author":[{"embeddable":true,"href":"https:\/\/lifefm.ec\/index.php\/wp-json\/wp\/v2\/users\/1"}],"replies":[{"embeddable":true,"href":"https:\/\/lifefm.ec\/index.php\/wp-json\/wp\/v2\/comments?post=4494"}],"version-history":[{"count":1,"href":"https:\/\/lifefm.ec\/index.php\/wp-json\/wp\/v2\/posts\/4494\/revisions"}],"predecessor-version":[{"id":4500,"href":"https:\/\/lifefm.ec\/index.php\/wp-json\/wp\/v2\/posts\/4494\/revisions\/4500"}],"wp:featuredmedia":[{"embeddable":true,"href":"https:\/\/lifefm.ec\/index.php\/wp-json\/wp\/v2\/media\/4499"}],"wp:attachment":[{"href":"https:\/\/lifefm.ec\/index.php\/wp-json\/wp\/v2\/media?parent=4494"}],"wp:term":[{"taxonomy":"category","embeddable":true,"href":"https:\/\/lifefm.ec\/index.php\/wp-json\/wp\/v2\/categories?post=4494"},{"taxonomy":"post_tag","embeddable":true,"href":"https:\/\/lifefm.ec\/index.php\/wp-json\/wp\/v2\/tags?post=4494"}],"curies":[{"name":"wp","href":"https:\/\/api.w.org\/{rel}","templated":true}]}}