{"id":4482,"date":"2024-03-19T10:18:18","date_gmt":"2024-03-19T15:18:18","guid":{"rendered":"https:\/\/lifefm.ec\/?p=4482"},"modified":"2024-03-19T10:18:18","modified_gmt":"2024-03-19T15:18:18","slug":"los-hijos-de-aladino-afirman-que-su-padre-no-ha-recaido-y-lamentan-la-forma-en-que-se-trata-su-dolor-en-los-titulares","status":"publish","type":"post","link":"https:\/\/lifefm.ec\/index.php\/2024\/03\/19\/los-hijos-de-aladino-afirman-que-su-padre-no-ha-recaido-y-lamentan-la-forma-en-que-se-trata-su-dolor-en-los-titulares\/","title":{"rendered":"LOS HIJOS DE ALADINO AFIRMAN QUE SU PADRE NO HA RECA\u00cdDO Y LAMENTAN LA FORMA EN QUE SE TRATA SU DOLOR EN LOS TITULARES"},"content":{"rendered":"<blockquote><p>Durante la ma\u00f1ana del lunes 18 de marzo, varios medios digitales especularon sobre la salud del cantante Aladino, sugiriendo que habr\u00eda empeorado tras su salida de la unidad de cuidados intensivos.<\/p><\/blockquote>\n<p>Se mencion\u00f3 que el Mago de la Rockola habr\u00eda sufrido una hemiplejia que afect\u00f3 la mitad izquierda de su cuerpo, luego de haber estado hospitalizado de emergencia durante catorce d\u00edas debido a problemas de presi\u00f3n arterial.<\/p>\n<p>Sin embargo, Carla Vargas, hija del artista, desminti\u00f3 estas afirmaciones a Diario EL UNIVERSO, indicando que su padre contin\u00faa su proceso de recuperaci\u00f3n en una cl\u00ednica privada y no est\u00e1 paralizado. \u00ab\u00c9l ya super\u00f3 su situaci\u00f3n cr\u00edtica, por lo que pedimos tranquilidad\u00bb, agreg\u00f3. Los hijos de Aladino emitieron un comunicado oficial reafirmando que su padre se encuentra estable y solicitaron no creer en especulaciones provenientes de fuentes no verificadas o ajenas a la familia.<\/p>\n<p>\u00abPedimos respeto a las redes sociales que supuestamente informan sobre la salud de nuestro padre&#8230; Nadie est\u00e1 autorizado para proporcionar informaci\u00f3n\u00bb, se\u00f1alaron los hijos, a\u00f1adiendo que cualquier reporte sobre la salud de su padre deber\u00e1 estar respaldado por pruebas como videos, chats o audios proporcionados por ellos mismos para ser considerado veraz.<\/p>\n<p>F: El Universo<\/p>\n<p>#Life #LifeNoticias #RadioLife995FM #InformativoLife #Babahoyo #ThiIsLife #SintonizaLaVida<\/p>\n","protected":false},"excerpt":{"rendered":"<p>Durante la ma\u00f1ana del lunes 18 de marzo, varios medios digitales especularon sobre la salud del cantante Aladino, sugiriendo que habr\u00eda empeorado tras su salida de la unidad de cuidados intensivos. Se mencion\u00f3 que el Mago de la Rockola habr\u00eda sufrido una hemiplejia que afect\u00f3 la mitad izquierda de su cuerpo, luego de haber estado [&hellip;]<\/p>\n","protected":false},"author":1,"featured_media":4483,"comment_status":"open","ping_status":"closed","sticky":false,"template":"","format":"standard","meta":{"footnotes":""},"categories":[26],"tags":[],"class_list":["post-4482","post","type-post","status-publish","format-standard","has-post-thumbnail","hentry","category-entretenimiento"],"_links":{"self":[{"href":"https:\/\/lifefm.ec\/index.php\/wp-json\/wp\/v2\/posts\/4482","targetHints":{"allow":["GET"]}}],"collection":[{"href":"https:\/\/lifefm.ec\/index.php\/wp-json\/wp\/v2\/posts"}],"about":[{"href":"https:\/\/lifefm.ec\/index.php\/wp-json\/wp\/v2\/types\/post"}],"author":[{"embeddable":true,"href":"https:\/\/lifefm.ec\/index.php\/wp-json\/wp\/v2\/users\/1"}],"replies":[{"embeddable":true,"href":"https:\/\/lifefm.ec\/index.php\/wp-json\/wp\/v2\/comments?post=4482"}],"version-history":[{"count":1,"href":"https:\/\/lifefm.ec\/index.php\/wp-json\/wp\/v2\/posts\/4482\/revisions"}],"predecessor-version":[{"id":4484,"href":"https:\/\/lifefm.ec\/index.php\/wp-json\/wp\/v2\/posts\/4482\/revisions\/4484"}],"wp:featuredmedia":[{"embeddable":true,"href":"https:\/\/lifefm.ec\/index.php\/wp-json\/wp\/v2\/media\/4483"}],"wp:attachment":[{"href":"https:\/\/lifefm.ec\/index.php\/wp-json\/wp\/v2\/media?parent=4482"}],"wp:term":[{"taxonomy":"category","embeddable":true,"href":"https:\/\/lifefm.ec\/index.php\/wp-json\/wp\/v2\/categories?post=4482"},{"taxonomy":"post_tag","embeddable":true,"href":"https:\/\/lifefm.ec\/index.php\/wp-json\/wp\/v2\/tags?post=4482"}],"curies":[{"name":"wp","href":"https:\/\/api.w.org\/{rel}","templated":true}]}}