{"id":4421,"date":"2024-03-18T12:30:06","date_gmt":"2024-03-18T17:30:06","guid":{"rendered":"https:\/\/lifefm.ec\/?p=4421"},"modified":"2024-03-18T12:30:06","modified_gmt":"2024-03-18T17:30:06","slug":"hernan-torres-dt-de-emelec-ganamos-pero-tenemos-que-seguir-mejorando-mucho-mas","status":"publish","type":"post","link":"https:\/\/lifefm.ec\/index.php\/2024\/03\/18\/hernan-torres-dt-de-emelec-ganamos-pero-tenemos-que-seguir-mejorando-mucho-mas\/","title":{"rendered":"HERN\u00c1N TORRES, DT DE EMELEC: GANAMOS, PERO TENEMOS QUE SEGUIR MEJORANDO MUCHO M\u00c1S"},"content":{"rendered":"<blockquote><p>Emelec consigui\u00f3 un importante triunfo en la altura ante El Nacional, pero el rendimiento del equipo a\u00fan no logra resaltar en los partidos.<\/p><\/blockquote>\n<p>El Club Sport Emelec sigue en pie de lucha por ganar la primera etapa de la Liga Pro tras derrotar 1-0 en condici\u00f3n de visitante a El Nacional por la tercera fecha.<\/p>\n<p>Los millonarios no tuvieron la mejor de sus presentaciones, pero un solitario gol de Fernando Le\u00f3n, por la v\u00eda del penal, les dio los tres puntos que necesitaban para no perderles el rastro a los l\u00edderes del torneo, Independiente del Valle y Aucas.<\/p>\n<p>Consciente del rendimiento de su equipo, Hern\u00e1n Torres, t\u00e9cnico azul, hizo autocr\u00edtica sobre el desempe\u00f1o del club, pero tambi\u00e9n resalt\u00f3 las virtudes de los puros criollos en la rueda de prensa una vez finalizado el compromiso.<\/p>\n<p>\u201cNo jugamos tan bonito, sobre todo en el primer tiempo. Los \u00faltimos 10, 15 minutos el rival se nos vino encima. Ellos hicieron un gran esfuerzo, corri\u00f3 por toda la cancha, tienen juventud para hacer eso, hicieron un buen partido\u201d, dijo el estratega.<\/p>\n<p>Sin embargo, para la segunda mitad el juego de los visitantes mejor\u00f3, algo que ponder\u00f3 el colombiano: \u201cLucharon y batallaron hasta los minutos finales, pero debo reconocer el gran trabajo de nuestros jugadores que se supieron parar, que se ordenaron y pudieron contrarrestar toda esa ansia, todo ese \u00edmpetu que tuvo el rival para tratar de empatar el partido\u201d.<\/p>\n<p>De igual manera, el DT cafetero destac\u00f3 la actitud de sus futbolistas, quienes mostraron la \u201cidentidad del equipo\u201d en un duelo que era bastante complicado.<\/p>\n<p>\u201cCosas positivas, la reacci\u00f3n que tuvo el equipo en el segundo tiempo, la identidad que mostramos en el segundo tiempo que es la de nosotros, la propuesta, la categor\u00eda que tienen nuestros jugadores. Eso lo tenemos que ratificar, en el juego siempre hay dificultades, pero el equipo hizo un gran trabajo\u201d, agreg\u00f3.<\/p>\n<p>Torres sabe que su plantilla puede y debe jugar mejor, pero record\u00f3 que \u201cEmelec tiene casi catorce jugadores nuevos, o quince\u2033, alegando que es una plantilla pr\u00e1cticamente nueva.<\/p>\n<p>F: El Universo<\/p>\n<p>#Life #LifeNoticias #RadioLife995FM #InformativoLife #Babahoyo #ThiIsLife #SintonizaLaVida<\/p>\n<p>&nbsp;<\/p>\n<p>&nbsp;<\/p>\n","protected":false},"excerpt":{"rendered":"<p>Emelec consigui\u00f3 un importante triunfo en la altura ante El Nacional, pero el rendimiento del equipo a\u00fan no logra resaltar en los partidos. El Club Sport Emelec sigue en pie de lucha por ganar la primera etapa de la Liga Pro tras derrotar 1-0 en condici\u00f3n de visitante a El Nacional por la tercera fecha. [&hellip;]<\/p>\n","protected":false},"author":1,"featured_media":4425,"comment_status":"open","ping_status":"closed","sticky":false,"template":"","format":"standard","meta":{"footnotes":""},"categories":[25],"tags":[],"class_list":["post-4421","post","type-post","status-publish","format-standard","has-post-thumbnail","hentry","category-deportes"],"_links":{"self":[{"href":"https:\/\/lifefm.ec\/index.php\/wp-json\/wp\/v2\/posts\/4421","targetHints":{"allow":["GET"]}}],"collection":[{"href":"https:\/\/lifefm.ec\/index.php\/wp-json\/wp\/v2\/posts"}],"about":[{"href":"https:\/\/lifefm.ec\/index.php\/wp-json\/wp\/v2\/types\/post"}],"author":[{"embeddable":true,"href":"https:\/\/lifefm.ec\/index.php\/wp-json\/wp\/v2\/users\/1"}],"replies":[{"embeddable":true,"href":"https:\/\/lifefm.ec\/index.php\/wp-json\/wp\/v2\/comments?post=4421"}],"version-history":[{"count":1,"href":"https:\/\/lifefm.ec\/index.php\/wp-json\/wp\/v2\/posts\/4421\/revisions"}],"predecessor-version":[{"id":4426,"href":"https:\/\/lifefm.ec\/index.php\/wp-json\/wp\/v2\/posts\/4421\/revisions\/4426"}],"wp:featuredmedia":[{"embeddable":true,"href":"https:\/\/lifefm.ec\/index.php\/wp-json\/wp\/v2\/media\/4425"}],"wp:attachment":[{"href":"https:\/\/lifefm.ec\/index.php\/wp-json\/wp\/v2\/media?parent=4421"}],"wp:term":[{"taxonomy":"category","embeddable":true,"href":"https:\/\/lifefm.ec\/index.php\/wp-json\/wp\/v2\/categories?post=4421"},{"taxonomy":"post_tag","embeddable":true,"href":"https:\/\/lifefm.ec\/index.php\/wp-json\/wp\/v2\/tags?post=4421"}],"curies":[{"name":"wp","href":"https:\/\/api.w.org\/{rel}","templated":true}]}}