{"id":4410,"date":"2024-03-18T12:04:08","date_gmt":"2024-03-18T17:04:08","guid":{"rendered":"https:\/\/lifefm.ec\/?p=4410"},"modified":"2024-03-18T12:04:08","modified_gmt":"2024-03-18T17:04:08","slug":"la-hija-de-aladino-niega-una-recaida-y-asegura-que-el-cantante-no-tiene-paralisis-en-el-lado-izquierdo-del-cuerpo","status":"publish","type":"post","link":"https:\/\/lifefm.ec\/index.php\/2024\/03\/18\/la-hija-de-aladino-niega-una-recaida-y-asegura-que-el-cantante-no-tiene-paralisis-en-el-lado-izquierdo-del-cuerpo\/","title":{"rendered":"LA HIJA DE ALADINO NIEGA UNA RECA\u00cdDA Y ASEGURA QUE EL CANTANTE NO TIENE PAR\u00c1LISIS EN EL LADO IZQUIERDO DEL CUERPO"},"content":{"rendered":"<blockquote><p>El reconocido cantante ecuatoriano Aladino ha pasado catorce d\u00edas en la Unidad de Cuidados Intensivos (UCI) debido a una hemorragia hipertensiva provocada por su presi\u00f3n arterial elevada.<\/p><\/blockquote>\n<p>Despu\u00e9s de ser estabilizado, fue dado de alta del hospital. Sin embargo, recientemente surgieron informes de que hab\u00eda regresado a la UCI de otra cl\u00ednica en Guayaquil debido a una hemiplejia que afect\u00f3 su lado izquierdo. A pesar de estos informes, su hija, Carla Vargas, confirm\u00f3 que su padre est\u00e1 en una cl\u00ednica privada continuando su recuperaci\u00f3n y desminti\u00f3 los rumores sobre una nueva reca\u00edda y par\u00e1lisis.<\/p>\n<p>Hace cuatro d\u00edas, la cuenta de Instagram de Aladino comparti\u00f3 un comunicado oficial anunciando su salida de la UCI y destacando la importancia de recurrir solo a fuentes oficiales para obtener informaci\u00f3n precisa sobre su estado de salud.<\/p>\n<p>F: El Universo<\/p>\n<p>#Life #LifeNoticias #RadioLife995FM #InformativoLife #Babahoyo #ThiIsLife #SintonizaLaVida<\/p>\n","protected":false},"excerpt":{"rendered":"<p>El reconocido cantante ecuatoriano Aladino ha pasado catorce d\u00edas en la Unidad de Cuidados Intensivos (UCI) debido a una hemorragia hipertensiva provocada por su presi\u00f3n arterial elevada. Despu\u00e9s de ser estabilizado, fue dado de alta del hospital. Sin embargo, recientemente surgieron informes de que hab\u00eda regresado a la UCI de otra cl\u00ednica en Guayaquil debido [&hellip;]<\/p>\n","protected":false},"author":1,"featured_media":4411,"comment_status":"open","ping_status":"closed","sticky":false,"template":"","format":"standard","meta":{"footnotes":""},"categories":[26],"tags":[],"class_list":["post-4410","post","type-post","status-publish","format-standard","has-post-thumbnail","hentry","category-entretenimiento"],"_links":{"self":[{"href":"https:\/\/lifefm.ec\/index.php\/wp-json\/wp\/v2\/posts\/4410","targetHints":{"allow":["GET"]}}],"collection":[{"href":"https:\/\/lifefm.ec\/index.php\/wp-json\/wp\/v2\/posts"}],"about":[{"href":"https:\/\/lifefm.ec\/index.php\/wp-json\/wp\/v2\/types\/post"}],"author":[{"embeddable":true,"href":"https:\/\/lifefm.ec\/index.php\/wp-json\/wp\/v2\/users\/1"}],"replies":[{"embeddable":true,"href":"https:\/\/lifefm.ec\/index.php\/wp-json\/wp\/v2\/comments?post=4410"}],"version-history":[{"count":1,"href":"https:\/\/lifefm.ec\/index.php\/wp-json\/wp\/v2\/posts\/4410\/revisions"}],"predecessor-version":[{"id":4413,"href":"https:\/\/lifefm.ec\/index.php\/wp-json\/wp\/v2\/posts\/4410\/revisions\/4413"}],"wp:featuredmedia":[{"embeddable":true,"href":"https:\/\/lifefm.ec\/index.php\/wp-json\/wp\/v2\/media\/4411"}],"wp:attachment":[{"href":"https:\/\/lifefm.ec\/index.php\/wp-json\/wp\/v2\/media?parent=4410"}],"wp:term":[{"taxonomy":"category","embeddable":true,"href":"https:\/\/lifefm.ec\/index.php\/wp-json\/wp\/v2\/categories?post=4410"},{"taxonomy":"post_tag","embeddable":true,"href":"https:\/\/lifefm.ec\/index.php\/wp-json\/wp\/v2\/tags?post=4410"}],"curies":[{"name":"wp","href":"https:\/\/api.w.org\/{rel}","templated":true}]}}