{"id":4402,"date":"2024-03-18T11:43:52","date_gmt":"2024-03-18T16:43:52","guid":{"rendered":"https:\/\/lifefm.ec\/?p=4402"},"modified":"2024-03-18T11:43:52","modified_gmt":"2024-03-18T16:43:52","slug":"jugador-italiano-desafectado-por-insultos-racistas-contra-futbolista-del-napoli","status":"publish","type":"post","link":"https:\/\/lifefm.ec\/index.php\/2024\/03\/18\/jugador-italiano-desafectado-por-insultos-racistas-contra-futbolista-del-napoli\/","title":{"rendered":"JUGADOR ITALIANO DESAFECTADO POR INSULTOS RACISTAS CONTRA FUTBOLISTA DEL NAPOLI"},"content":{"rendered":"<blockquote><p>Juan Jesus acus\u00f3 al defensa Francesco Acerbi de \u00abllamarlo negro\u00bb en el empate 1-1 entre Inter y N\u00e1poles por la Serie A.<\/p><\/blockquote>\n<p>El defensa de Inter Francesco Acerbi abandon\u00f3 este lunes la concentraci\u00f3n de la selecci\u00f3n italiana para jugar dos amistosos en Estados Unidos despu\u00e9s de las informaciones sobre sus presuntos insultos racistas al defensa brasile\u00f1o de N\u00e1poles Juan Jesus.<\/p>\n<p>En un comunicado, la Federaci\u00f3n Italiana de F\u00fatbol (FIGC) se\u00f1al\u00f3 que Acerbi dio su \u201cversi\u00f3n de los hechos\u201d a sus compa\u00f1eros de la Azzurra y al seleccionador Luciano Spalletti \u201csobre el supuesto comentario racista\u201d.<\/p>\n<p>\u00abNo ten\u00eda intenci\u00f3n de ser difamatorio, denigratorio o racista\u201d, a\u00f1adi\u00f3 la FIGC sobre la respuesta de Acerbi, que sali\u00f3 de la convocatoria de 28 jugadores para enfrentarse a Venezuela y Ecuador, en partidos de preparaci\u00f3n de la Eurocopa de Alemania-2024, en la que Italia defender\u00e1 su t\u00edtulo.<\/p>\n<p>El defensa de Roma Gianluca Mancini ha sido llamado para reemplazar a Acerbi, que ser\u00e1 interrogado por las autoridades disciplinarias de la FIGC despu\u00e9s de que Juan Jesus afirmara que hab\u00eda usado un insulto racista en el empate 1-1 entre Inter y N\u00e1poles el domingo.<\/p>\n<p>En las im\u00e1genes del duelo, el defensa brasile\u00f1o protesta al \u00e1rbitro Federico La Penna, diciendo aparentemente: \u201cMe llam\u00f3 negro\u201d.<\/p>\n<p>Tras el partido, Jesus, que marc\u00f3 el gol del empate del N\u00e1poles, se\u00f1al\u00f3 que Acerbi \u201ccruz\u00f3 la l\u00ednea\u201d pero que ambos hab\u00edan aclarado las cosas.<\/p>\n<p>\u201cSe disculp\u00f3 porque se dio cuenta de que hab\u00eda ido demasiado lejos&#8230; Son cosas que pasan en el campo, se quedan en el campo\u201d, dijo Jesus en la plataforma DAZN.<\/p>\n<p>La Serie A se\u00f1al\u00f3 a AFP que el informe regular del \u201cjuez deportivo\u201d Gerardo Mastrandrea se publicar\u00e1 el martes. En \u00e9l se confirmar\u00e1 si Acerbi ser\u00e1 investigado por el incidente. El defensa se arriesga a una sanci\u00f3n de varios partidos por abuso racial.<\/p>\n<p>F: El Universo<\/p>\n<p>#Life #LifeNoticias #RadioLife995FM #InformativoLife #Babahoyo #ThiIsLife #SintonizaLaVida<\/p>\n<p>&nbsp;<\/p>\n<p>&nbsp;<\/p>\n","protected":false},"excerpt":{"rendered":"<p>Juan Jesus acus\u00f3 al defensa Francesco Acerbi de \u00abllamarlo negro\u00bb en el empate 1-1 entre Inter y N\u00e1poles por la Serie A. El defensa de Inter Francesco Acerbi abandon\u00f3 este lunes la concentraci\u00f3n de la selecci\u00f3n italiana para jugar dos amistosos en Estados Unidos despu\u00e9s de las informaciones sobre sus presuntos insultos racistas al defensa [&hellip;]<\/p>\n","protected":false},"author":1,"featured_media":4407,"comment_status":"open","ping_status":"closed","sticky":false,"template":"","format":"standard","meta":{"footnotes":""},"categories":[25],"tags":[],"class_list":["post-4402","post","type-post","status-publish","format-standard","has-post-thumbnail","hentry","category-deportes"],"_links":{"self":[{"href":"https:\/\/lifefm.ec\/index.php\/wp-json\/wp\/v2\/posts\/4402","targetHints":{"allow":["GET"]}}],"collection":[{"href":"https:\/\/lifefm.ec\/index.php\/wp-json\/wp\/v2\/posts"}],"about":[{"href":"https:\/\/lifefm.ec\/index.php\/wp-json\/wp\/v2\/types\/post"}],"author":[{"embeddable":true,"href":"https:\/\/lifefm.ec\/index.php\/wp-json\/wp\/v2\/users\/1"}],"replies":[{"embeddable":true,"href":"https:\/\/lifefm.ec\/index.php\/wp-json\/wp\/v2\/comments?post=4402"}],"version-history":[{"count":1,"href":"https:\/\/lifefm.ec\/index.php\/wp-json\/wp\/v2\/posts\/4402\/revisions"}],"predecessor-version":[{"id":4408,"href":"https:\/\/lifefm.ec\/index.php\/wp-json\/wp\/v2\/posts\/4402\/revisions\/4408"}],"wp:featuredmedia":[{"embeddable":true,"href":"https:\/\/lifefm.ec\/index.php\/wp-json\/wp\/v2\/media\/4407"}],"wp:attachment":[{"href":"https:\/\/lifefm.ec\/index.php\/wp-json\/wp\/v2\/media?parent=4402"}],"wp:term":[{"taxonomy":"category","embeddable":true,"href":"https:\/\/lifefm.ec\/index.php\/wp-json\/wp\/v2\/categories?post=4402"},{"taxonomy":"post_tag","embeddable":true,"href":"https:\/\/lifefm.ec\/index.php\/wp-json\/wp\/v2\/tags?post=4402"}],"curies":[{"name":"wp","href":"https:\/\/api.w.org\/{rel}","templated":true}]}}