{"id":4381,"date":"2024-03-18T11:03:23","date_gmt":"2024-03-18T16:03:23","guid":{"rendered":"https:\/\/lifefm.ec\/?p=4381"},"modified":"2024-03-18T11:03:23","modified_gmt":"2024-03-18T16:03:23","slug":"maria-fernanda-rios-confirma-el-fin-de-su-relacion-con-fercho-gomez-estaba-ya-demasiado-tiempo-durando","status":"publish","type":"post","link":"https:\/\/lifefm.ec\/index.php\/2024\/03\/18\/maria-fernanda-rios-confirma-el-fin-de-su-relacion-con-fercho-gomez-estaba-ya-demasiado-tiempo-durando\/","title":{"rendered":"MAR\u00cdA FERNANDA R\u00cdOS CONFIRMA EL FIN DE SU RELACI\u00d3N CON FERCHO G\u00d3MEZ: ESTABA YA DEMASIADO TIEMPO DURANDO"},"content":{"rendered":"<blockquote><p>El perfil de Mar\u00eda Fernanda R\u00edos, ya que no muestra ninguna fotograf\u00eda con su expareja y ha configurado como privada su cuenta de Instagram. Despu\u00e9s de una relaci\u00f3n de casi tres a\u00f1os, R\u00edos y Fercho G\u00f3mez han decidido poner fin a su v\u00ednculo amoroso, el cual siempre fue objeto de comentarios debido a la diferencia de quince a\u00f1os de edad entre ellos.<\/p><\/blockquote>\n<p>R\u00edos comparti\u00f3 algunos detalles sobre la separaci\u00f3n en su cuenta de Instagram, expresando: \u00abMi relaci\u00f3n con Fercho ya hab\u00eda durado bastante. \u00c9l debe seguir adelante y le deseo lo mejor\u00bb. La exjurado de \u00abEcuador tiene talento\u00bb (Ecuavisa) y dise\u00f1adora afirm\u00f3 que la decisi\u00f3n fue suya, reconociendo que hay momentos en la vida en los que es mejor decir adi\u00f3s.<\/p>\n<p>Adem\u00e1s de haber sido su pareja, G\u00f3mez es la imagen de la l\u00ednea masculina MFR Man, perteneciente a la marca oficial de R\u00edos. Pr\u00f3ximamente, G\u00f3mez se unir\u00e1 al reality \u00abCombate\u00bb de RTS como uno de los entrenadores de los competidores.<\/p>\n<p>En su \u00faltima conversaci\u00f3n con este diario, el tambi\u00e9n modelo expres\u00f3 su admiraci\u00f3n por R\u00edos, con quien afirm\u00f3 haber disfrutado de una relaci\u00f3n incre\u00edble, avanzando paso a paso sin apresurarse.<\/p>\n<p>F: El Universo<\/p>\n<p>#Life #LifeNoticias #RadioLife995FM #InformativoLife #Babahoyo #ThiIsLife #SintonizaLaVida<\/p>\n","protected":false},"excerpt":{"rendered":"<p>El perfil de Mar\u00eda Fernanda R\u00edos, ya que no muestra ninguna fotograf\u00eda con su expareja y ha configurado como privada su cuenta de Instagram. Despu\u00e9s de una relaci\u00f3n de casi tres a\u00f1os, R\u00edos y Fercho G\u00f3mez han decidido poner fin a su v\u00ednculo amoroso, el cual siempre fue objeto de comentarios debido a la diferencia [&hellip;]<\/p>\n","protected":false},"author":1,"featured_media":4385,"comment_status":"open","ping_status":"closed","sticky":false,"template":"","format":"standard","meta":{"footnotes":""},"categories":[26],"tags":[],"class_list":["post-4381","post","type-post","status-publish","format-standard","has-post-thumbnail","hentry","category-entretenimiento"],"_links":{"self":[{"href":"https:\/\/lifefm.ec\/index.php\/wp-json\/wp\/v2\/posts\/4381","targetHints":{"allow":["GET"]}}],"collection":[{"href":"https:\/\/lifefm.ec\/index.php\/wp-json\/wp\/v2\/posts"}],"about":[{"href":"https:\/\/lifefm.ec\/index.php\/wp-json\/wp\/v2\/types\/post"}],"author":[{"embeddable":true,"href":"https:\/\/lifefm.ec\/index.php\/wp-json\/wp\/v2\/users\/1"}],"replies":[{"embeddable":true,"href":"https:\/\/lifefm.ec\/index.php\/wp-json\/wp\/v2\/comments?post=4381"}],"version-history":[{"count":1,"href":"https:\/\/lifefm.ec\/index.php\/wp-json\/wp\/v2\/posts\/4381\/revisions"}],"predecessor-version":[{"id":4387,"href":"https:\/\/lifefm.ec\/index.php\/wp-json\/wp\/v2\/posts\/4381\/revisions\/4387"}],"wp:featuredmedia":[{"embeddable":true,"href":"https:\/\/lifefm.ec\/index.php\/wp-json\/wp\/v2\/media\/4385"}],"wp:attachment":[{"href":"https:\/\/lifefm.ec\/index.php\/wp-json\/wp\/v2\/media?parent=4381"}],"wp:term":[{"taxonomy":"category","embeddable":true,"href":"https:\/\/lifefm.ec\/index.php\/wp-json\/wp\/v2\/categories?post=4381"},{"taxonomy":"post_tag","embeddable":true,"href":"https:\/\/lifefm.ec\/index.php\/wp-json\/wp\/v2\/tags?post=4381"}],"curies":[{"name":"wp","href":"https:\/\/api.w.org\/{rel}","templated":true}]}}