{"id":4353,"date":"2024-03-18T10:07:37","date_gmt":"2024-03-18T15:07:37","guid":{"rendered":"https:\/\/lifefm.ec\/?p=4353"},"modified":"2024-03-18T10:07:37","modified_gmt":"2024-03-18T15:07:37","slug":"alan-minda-sigue-en-rancha-gol-y-asistencia-del-ecuatoriano-antes-de-unirse-a-la-seleccion","status":"publish","type":"post","link":"https:\/\/lifefm.ec\/index.php\/2024\/03\/18\/alan-minda-sigue-en-rancha-gol-y-asistencia-del-ecuatoriano-antes-de-unirse-a-la-seleccion\/","title":{"rendered":"ALAN MINDA SIGUE EN RANCHA: GOL Y ASISTENCIA DEL ECUATORIANO ANTES DE UNIRSE A LA SELECCI\u00d3N"},"content":{"rendered":"<blockquote><p>El ecuatoriano cumpli\u00f3 con una destacada actuaci\u00f3n en la victoria del Cercle Brugge en la Liga de B\u00e9lgica.<\/p><\/blockquote>\n<p>Antes de sumarse a la delegaci\u00f3n de la selecci\u00f3n ecuatoriana de f\u00fatbol para los duelos amistosos de la fecha FIFA de marzo, Alan Minda fue figura en el Cercle Brugge, que triunf\u00f3 nuevamente en la Belgian Pro League.<\/p>\n<p>El club belga venci\u00f3 al Racing White Daring Molenbeek por un abultado marcador de 4-0 con una anotaci\u00f3n y una asistencia del ecuatoriano. Incluso, su pase a gol sirvi\u00f3 para abrir la ruta de la victoria.<\/p>\n<p>Minda condujo varios metros para meterse en el \u00e1rea rival, dejando a tres rivales en el camino, y meti\u00f3 un centro a ras de piso para que K\u00e9vin Denkey solo tenga que empujar la pelota y marcar el 1-0.<\/p>\n<p>Posteriormente, el tricolor sigui\u00f3 demostrando sus cualidades y a los 47 recibi\u00f3 un centro pasado desde la izquierda, control\u00f3 el bal\u00f3n con mucha calma y coloc\u00f3 el esf\u00e9rico lejos del alcance del arquero para poner el 3-0 transitorio.<\/p>\n<p>El extremo es una de las grandes revelaciones de la temporada y hasta el momento ha sumado siete tantos y seis asistencias con el Cercle Brugge. Su gran presente llam\u00f3 la atenci\u00f3n de F\u00e9lix S\u00e1nchez Bas y este lo cit\u00f3 a la Tricolor.<\/p>\n<p>Se espera que Minda sume sus primeros minutos con el combinado nacional en uno de los dos compromisos, sea ante Guatemala o Italia, ya que justamente en su posici\u00f3n es donde menos jugadores abundan.<\/p>\n<p>F: El Universo<\/p>\n<p>#Life #LifeNoticias #RadioLife995FM #InformativoLife #Babahoyo #ThiIsLife #SintonizaLaVida<\/p>\n<p>&nbsp;<\/p>\n","protected":false},"excerpt":{"rendered":"<p>El ecuatoriano cumpli\u00f3 con una destacada actuaci\u00f3n en la victoria del Cercle Brugge en la Liga de B\u00e9lgica. Antes de sumarse a la delegaci\u00f3n de la selecci\u00f3n ecuatoriana de f\u00fatbol para los duelos amistosos de la fecha FIFA de marzo, Alan Minda fue figura en el Cercle Brugge, que triunf\u00f3 nuevamente en la Belgian Pro [&hellip;]<\/p>\n","protected":false},"author":1,"featured_media":4355,"comment_status":"open","ping_status":"closed","sticky":false,"template":"","format":"standard","meta":{"footnotes":""},"categories":[25],"tags":[],"class_list":["post-4353","post","type-post","status-publish","format-standard","has-post-thumbnail","hentry","category-deportes"],"_links":{"self":[{"href":"https:\/\/lifefm.ec\/index.php\/wp-json\/wp\/v2\/posts\/4353","targetHints":{"allow":["GET"]}}],"collection":[{"href":"https:\/\/lifefm.ec\/index.php\/wp-json\/wp\/v2\/posts"}],"about":[{"href":"https:\/\/lifefm.ec\/index.php\/wp-json\/wp\/v2\/types\/post"}],"author":[{"embeddable":true,"href":"https:\/\/lifefm.ec\/index.php\/wp-json\/wp\/v2\/users\/1"}],"replies":[{"embeddable":true,"href":"https:\/\/lifefm.ec\/index.php\/wp-json\/wp\/v2\/comments?post=4353"}],"version-history":[{"count":1,"href":"https:\/\/lifefm.ec\/index.php\/wp-json\/wp\/v2\/posts\/4353\/revisions"}],"predecessor-version":[{"id":4356,"href":"https:\/\/lifefm.ec\/index.php\/wp-json\/wp\/v2\/posts\/4353\/revisions\/4356"}],"wp:featuredmedia":[{"embeddable":true,"href":"https:\/\/lifefm.ec\/index.php\/wp-json\/wp\/v2\/media\/4355"}],"wp:attachment":[{"href":"https:\/\/lifefm.ec\/index.php\/wp-json\/wp\/v2\/media?parent=4353"}],"wp:term":[{"taxonomy":"category","embeddable":true,"href":"https:\/\/lifefm.ec\/index.php\/wp-json\/wp\/v2\/categories?post=4353"},{"taxonomy":"post_tag","embeddable":true,"href":"https:\/\/lifefm.ec\/index.php\/wp-json\/wp\/v2\/tags?post=4353"}],"curies":[{"name":"wp","href":"https:\/\/api.w.org\/{rel}","templated":true}]}}