{"id":4331,"date":"2024-03-18T09:29:15","date_gmt":"2024-03-18T14:29:15","guid":{"rendered":"https:\/\/lifefm.ec\/?p=4331"},"modified":"2024-03-18T09:29:15","modified_gmt":"2024-03-18T14:29:15","slug":"los-precios-de-los-boletos-para-el-concierto-de-carlos-vives-en-cuenca-son-los-siguientes","status":"publish","type":"post","link":"https:\/\/lifefm.ec\/index.php\/2024\/03\/18\/los-precios-de-los-boletos-para-el-concierto-de-carlos-vives-en-cuenca-son-los-siguientes\/","title":{"rendered":"LOS PRECIOS DE LOS BOLETOS PARA EL CONCIERTO DE CARLOS VIVES EN CUENCA SON LOS SIGUIENTES"},"content":{"rendered":"<blockquote><p>El cantautor colombiano, Carlos Vives, se prepara para ofrecer un emocionante espect\u00e1culo en Ecuador, ajustando sus fechas para garantizar la seguridad del p\u00fablico. El jueves 21 de marzo deleitar\u00e1 a los asistentes en el coliseo General Rumi\u00f1ahui de Quito, mientras que el s\u00e1bado 23 de marzo se presentar\u00e1 en el estadio Alejandro Serrano Aguilar de Cuenca, a las 20:00 horas.<\/p><\/blockquote>\n<p>Los fans tendr\u00e1n la oportunidad de disfrutar de sus \u00e9xitos m\u00e1s conocidos, como \u00abLa bicicleta\u00bb, \u00abRobarte un beso\u00bb y \u00abCurrambera\u00bb, entre otros, en compa\u00f1\u00eda del reconocido int\u00e9rprete venezolano Carlos Baute, famoso por su tema \u00abColgando en tus manos\u00bb.<\/p>\n<p>Carlos Baute expres\u00f3 su entusiasmo por su primera visita a Cuenca y su participaci\u00f3n como invitado especial en el tour \u00abDe los 30\u00bb de Carlos Vives.<\/p>\n<p>Las entradas para el concierto en Cuenca tienen diferentes precios:<br \/>\n\u2022General norte-sur $ 30<br \/>\n\u2022Tribuna norte-sur $ 45<br \/>\n\u2022Vives fan zone$ 50<br \/>\n\u2022Palco central $ 70<br \/>\n\u2022Golden box $ 100<br \/>\n\u2022Top box $ 150<br \/>\n\u2022Vives box $ 180<\/p>\n<p>F: El Universo<\/p>\n<p>#Life #LifeNoticias #RadioLife995FM #InformativoLife #Babahoyo #ThiIsLife #SintonizaLaVida<\/p>\n","protected":false},"excerpt":{"rendered":"<p>El cantautor colombiano, Carlos Vives, se prepara para ofrecer un emocionante espect\u00e1culo en Ecuador, ajustando sus fechas para garantizar la seguridad del p\u00fablico. El jueves 21 de marzo deleitar\u00e1 a los asistentes en el coliseo General Rumi\u00f1ahui de Quito, mientras que el s\u00e1bado 23 de marzo se presentar\u00e1 en el estadio Alejandro Serrano Aguilar de [&hellip;]<\/p>\n","protected":false},"author":1,"featured_media":4332,"comment_status":"open","ping_status":"closed","sticky":false,"template":"","format":"standard","meta":{"footnotes":""},"categories":[26],"tags":[],"class_list":["post-4331","post","type-post","status-publish","format-standard","has-post-thumbnail","hentry","category-entretenimiento"],"_links":{"self":[{"href":"https:\/\/lifefm.ec\/index.php\/wp-json\/wp\/v2\/posts\/4331","targetHints":{"allow":["GET"]}}],"collection":[{"href":"https:\/\/lifefm.ec\/index.php\/wp-json\/wp\/v2\/posts"}],"about":[{"href":"https:\/\/lifefm.ec\/index.php\/wp-json\/wp\/v2\/types\/post"}],"author":[{"embeddable":true,"href":"https:\/\/lifefm.ec\/index.php\/wp-json\/wp\/v2\/users\/1"}],"replies":[{"embeddable":true,"href":"https:\/\/lifefm.ec\/index.php\/wp-json\/wp\/v2\/comments?post=4331"}],"version-history":[{"count":1,"href":"https:\/\/lifefm.ec\/index.php\/wp-json\/wp\/v2\/posts\/4331\/revisions"}],"predecessor-version":[{"id":4333,"href":"https:\/\/lifefm.ec\/index.php\/wp-json\/wp\/v2\/posts\/4331\/revisions\/4333"}],"wp:featuredmedia":[{"embeddable":true,"href":"https:\/\/lifefm.ec\/index.php\/wp-json\/wp\/v2\/media\/4332"}],"wp:attachment":[{"href":"https:\/\/lifefm.ec\/index.php\/wp-json\/wp\/v2\/media?parent=4331"}],"wp:term":[{"taxonomy":"category","embeddable":true,"href":"https:\/\/lifefm.ec\/index.php\/wp-json\/wp\/v2\/categories?post=4331"},{"taxonomy":"post_tag","embeddable":true,"href":"https:\/\/lifefm.ec\/index.php\/wp-json\/wp\/v2\/tags?post=4331"}],"curies":[{"name":"wp","href":"https:\/\/api.w.org\/{rel}","templated":true}]}}