{"id":4310,"date":"2024-03-15T12:41:01","date_gmt":"2024-03-15T17:41:01","guid":{"rendered":"https:\/\/lifefm.ec\/?p=4310"},"modified":"2024-03-15T12:41:01","modified_gmt":"2024-03-15T17:41:01","slug":"el-primer-sencillo-del-2024-de-andres-cepeda-se-llama-prometeme-y-ya-ha-sido-lanzado","status":"publish","type":"post","link":"https:\/\/lifefm.ec\/index.php\/2024\/03\/15\/el-primer-sencillo-del-2024-de-andres-cepeda-se-llama-prometeme-y-ya-ha-sido-lanzado\/","title":{"rendered":"EL PRIMER SENCILLO DEL 2024 DE ANDR\u00c9S CEPEDA SE LLAMA &#8216;PROM\u00c9TEME&#8217; Y YA HA SIDO LANZADO"},"content":{"rendered":"<blockquote><p>El 14 de marzo, el reconocido cantante colombiano Andr\u00e9s Cepeda present\u00f3 su \u00faltima creaci\u00f3n musical, \u00abProm\u00e9teme\u00bb, la cual no solo explora el futuro de una relaci\u00f3n, sino que tambi\u00e9n marca un nuevo cap\u00edtulo en su carrera art\u00edstica.<\/p><\/blockquote>\n<p>Esta canci\u00f3n, siendo el primer lanzamiento bajo su nuevo sello discogr\u00e1fico, Warner Music, desde su uni\u00f3n en octubre pasado, representa un punto de transici\u00f3n entre sus trabajos anteriores y un proyecto venidero.<\/p>\n<p>Cepeda, de 50 a\u00f1os, comparti\u00f3 su entusiasmo por este nuevo tema, describi\u00e9ndolo como una reflexi\u00f3n sobre las complejidades y desaf\u00edos que conlleva una relaci\u00f3n a largo plazo. La canci\u00f3n fue grabada y producida entre Bogot\u00e1, su ciudad natal, y Los \u00c1ngeles, Estados Unidos. El video musical, ambientado en una casa emblem\u00e1tica en el tradicional barrio de Chapinero en Bogot\u00e1, presenta al cantante interactuando con su banda, mientras que el arte del sencillo fue creado con elementos florales de la capital colombiana.<\/p>\n<p>Adem\u00e1s de este lanzamiento, Cepeda se encuentra culminando una temporada de \u00abLa Voz Kids Colombia\u00bb y se prepara para embarcarse en una gira por 20 ciudades de Estados Unidos en abril, como parte de su tour \u00abTengo Ganas Tour\u00bb. Posteriormente, en septiembre, iniciar\u00e1 su gira nacional \u00abNuestra Vida en Canciones\u00bb, que incluir\u00e1 seis grandes escenarios en diferentes ciudades de Colombia, culminando en el Estadio El Camp\u00edn de Bogot\u00e1 el 13 de diciembre.<\/p>\n<p>&nbsp;<\/p>\n<p>F: El Universo<\/p>\n<p>#Life #LifeNoticias #RadioLife995FM #InformativoLife #Babahoyo #ThiIsLife #SintonizaLaVida<\/p>\n","protected":false},"excerpt":{"rendered":"<p>El 14 de marzo, el reconocido cantante colombiano Andr\u00e9s Cepeda present\u00f3 su \u00faltima creaci\u00f3n musical, \u00abProm\u00e9teme\u00bb, la cual no solo explora el futuro de una relaci\u00f3n, sino que tambi\u00e9n marca un nuevo cap\u00edtulo en su carrera art\u00edstica. Esta canci\u00f3n, siendo el primer lanzamiento bajo su nuevo sello discogr\u00e1fico, Warner Music, desde su uni\u00f3n en octubre [&hellip;]<\/p>\n","protected":false},"author":1,"featured_media":4311,"comment_status":"open","ping_status":"closed","sticky":false,"template":"","format":"standard","meta":{"footnotes":""},"categories":[26],"tags":[],"class_list":["post-4310","post","type-post","status-publish","format-standard","has-post-thumbnail","hentry","category-entretenimiento"],"_links":{"self":[{"href":"https:\/\/lifefm.ec\/index.php\/wp-json\/wp\/v2\/posts\/4310","targetHints":{"allow":["GET"]}}],"collection":[{"href":"https:\/\/lifefm.ec\/index.php\/wp-json\/wp\/v2\/posts"}],"about":[{"href":"https:\/\/lifefm.ec\/index.php\/wp-json\/wp\/v2\/types\/post"}],"author":[{"embeddable":true,"href":"https:\/\/lifefm.ec\/index.php\/wp-json\/wp\/v2\/users\/1"}],"replies":[{"embeddable":true,"href":"https:\/\/lifefm.ec\/index.php\/wp-json\/wp\/v2\/comments?post=4310"}],"version-history":[{"count":1,"href":"https:\/\/lifefm.ec\/index.php\/wp-json\/wp\/v2\/posts\/4310\/revisions"}],"predecessor-version":[{"id":4312,"href":"https:\/\/lifefm.ec\/index.php\/wp-json\/wp\/v2\/posts\/4310\/revisions\/4312"}],"wp:featuredmedia":[{"embeddable":true,"href":"https:\/\/lifefm.ec\/index.php\/wp-json\/wp\/v2\/media\/4311"}],"wp:attachment":[{"href":"https:\/\/lifefm.ec\/index.php\/wp-json\/wp\/v2\/media?parent=4310"}],"wp:term":[{"taxonomy":"category","embeddable":true,"href":"https:\/\/lifefm.ec\/index.php\/wp-json\/wp\/v2\/categories?post=4310"},{"taxonomy":"post_tag","embeddable":true,"href":"https:\/\/lifefm.ec\/index.php\/wp-json\/wp\/v2\/tags?post=4310"}],"curies":[{"name":"wp","href":"https:\/\/api.w.org\/{rel}","templated":true}]}}