{"id":4273,"date":"2024-03-15T10:47:38","date_gmt":"2024-03-15T15:47:38","guid":{"rendered":"https:\/\/lifefm.ec\/?p=4273"},"modified":"2024-03-15T10:47:38","modified_gmt":"2024-03-15T15:47:38","slug":"la-familia-de-jose-delgado-lo-sorprendio-en-su-cumpleanos-y-el-dijo-gracias-por-este-detalle-lo-recordare-siempre","status":"publish","type":"post","link":"https:\/\/lifefm.ec\/index.php\/2024\/03\/15\/la-familia-de-jose-delgado-lo-sorprendio-en-su-cumpleanos-y-el-dijo-gracias-por-este-detalle-lo-recordare-siempre\/","title":{"rendered":"LA FAMILIA DE JOS\u00c9 DELGADO LO SORPRENDI\u00d3 EN SU CUMPLEA\u00d1OS Y \u00c9L DIJO: &#8216;GRACIAS POR ESTE DETALLE, LO RECORDAR\u00c9 SIEMPRE&#8217;"},"content":{"rendered":"<blockquote><p>El reconocido periodista Jos\u00e9 Delgado celebra su cumplea\u00f1os este jueves 14 de marzo, y durante la transmisi\u00f3n en vivo de la segunda edici\u00f3n de \u00abEl Noticiero\u00bb de TC Televisi\u00f3n, su familia le dio una sorpresa como parte de la celebraci\u00f3n.<\/p><\/blockquote>\n<p>Delgado, reconocido por sus reportajes sobre la comunidad, fue homenajeado con un emotivo video preparado por su esposa, Patricia Garc\u00eda, y su hija, D\u00e9bora Delgado, quienes expresaron todo su amor por \u00e9l.<\/p>\n<p>Adem\u00e1s, recibi\u00f3 una sorpresa adicional en forma de una torta de cheesecake, adornada con una vela en forma de signo de interrogaci\u00f3n, manteniendo as\u00ed su edad en secreto. Con gratitud en su coraz\u00f3n, Delgado agradeci\u00f3 este gesto inesperado: \u00abDebo darle gracias a Dios por estar con mi familia un a\u00f1o m\u00e1s (&#8230;). Gracias por este detalle que voy a llevar siempre en mi coraz\u00f3n\u00bb.<\/p>\n<p>El periodista, con 34 a\u00f1os de trayectoria, fue recientemente honrado por el presidente Daniel Noboa el pasado 19 de febrero, al recibir la medalla de la Orden Nacional al M\u00e9rito en el grado de Caballero.<\/p>\n<p>F: El Universo<\/p>\n<p>#Life #LifeNoticias #RadioLife995FM #InformativoLife #Babahoyo #ThiIsLife #SintonizaLaVida<\/p>\n","protected":false},"excerpt":{"rendered":"<p>El reconocido periodista Jos\u00e9 Delgado celebra su cumplea\u00f1os este jueves 14 de marzo, y durante la transmisi\u00f3n en vivo de la segunda edici\u00f3n de \u00abEl Noticiero\u00bb de TC Televisi\u00f3n, su familia le dio una sorpresa como parte de la celebraci\u00f3n. Delgado, reconocido por sus reportajes sobre la comunidad, fue homenajeado con un emotivo video preparado [&hellip;]<\/p>\n","protected":false},"author":1,"featured_media":4274,"comment_status":"open","ping_status":"closed","sticky":false,"template":"","format":"standard","meta":{"footnotes":""},"categories":[26],"tags":[],"class_list":["post-4273","post","type-post","status-publish","format-standard","has-post-thumbnail","hentry","category-entretenimiento"],"_links":{"self":[{"href":"https:\/\/lifefm.ec\/index.php\/wp-json\/wp\/v2\/posts\/4273","targetHints":{"allow":["GET"]}}],"collection":[{"href":"https:\/\/lifefm.ec\/index.php\/wp-json\/wp\/v2\/posts"}],"about":[{"href":"https:\/\/lifefm.ec\/index.php\/wp-json\/wp\/v2\/types\/post"}],"author":[{"embeddable":true,"href":"https:\/\/lifefm.ec\/index.php\/wp-json\/wp\/v2\/users\/1"}],"replies":[{"embeddable":true,"href":"https:\/\/lifefm.ec\/index.php\/wp-json\/wp\/v2\/comments?post=4273"}],"version-history":[{"count":1,"href":"https:\/\/lifefm.ec\/index.php\/wp-json\/wp\/v2\/posts\/4273\/revisions"}],"predecessor-version":[{"id":4277,"href":"https:\/\/lifefm.ec\/index.php\/wp-json\/wp\/v2\/posts\/4273\/revisions\/4277"}],"wp:featuredmedia":[{"embeddable":true,"href":"https:\/\/lifefm.ec\/index.php\/wp-json\/wp\/v2\/media\/4274"}],"wp:attachment":[{"href":"https:\/\/lifefm.ec\/index.php\/wp-json\/wp\/v2\/media?parent=4273"}],"wp:term":[{"taxonomy":"category","embeddable":true,"href":"https:\/\/lifefm.ec\/index.php\/wp-json\/wp\/v2\/categories?post=4273"},{"taxonomy":"post_tag","embeddable":true,"href":"https:\/\/lifefm.ec\/index.php\/wp-json\/wp\/v2\/tags?post=4273"}],"curies":[{"name":"wp","href":"https:\/\/api.w.org\/{rel}","templated":true}]}}