{"id":4244,"date":"2024-03-15T10:35:59","date_gmt":"2024-03-15T15:35:59","guid":{"rendered":"https:\/\/lifefm.ec\/?p=4244"},"modified":"2024-03-15T10:35:59","modified_gmt":"2024-03-15T15:35:59","slug":"gonzalo-plata-retorna-a-la-seleccion-pero-tendra-que-madurar-mucho-en-su-parte-personal-afirma-la-ecuafutbol","status":"publish","type":"post","link":"https:\/\/lifefm.ec\/index.php\/2024\/03\/15\/gonzalo-plata-retorna-a-la-seleccion-pero-tendra-que-madurar-mucho-en-su-parte-personal-afirma-la-ecuafutbol\/","title":{"rendered":"GONZALO PLATA RETORNA A LA SELECCI\u00d3N PERO TENDR\u00c1 QUE &#8216;MADURAR MUCHO EN SU PARTE PERSONAL&#8217;, AFIRMA LA ECUAF\u00daTBOL"},"content":{"rendered":"<blockquote><p>El presidente de la Federaci\u00f3n Ecuatoriana de F\u00fatbol (FEF), Francisco Egas, se refiri\u00f3 sobre el retorno del extremo que milita en el Al Sadd de Qatar.<\/p><\/blockquote>\n<p>Un total de 28 jugadores fueron los citados por el t\u00e9cnico F\u00e9lix S\u00e1nchez Bas para afrontar los duelos amistosos de la selecci\u00f3n ecuatoriana en la fecha FIFA del mes de marzo.<\/p>\n<p>Entre los futbolistas, uno de los nombres que m\u00e1s sorprendi\u00f3 fue el de Gonzalo Plata. Al extremo se lo hab\u00eda apartado de las convocatorias tras tomar la decisi\u00f3n de emigrar al f\u00fatbol qatar\u00ed, una liga menos competitiva como la espa\u00f1ola, en la que se encontraba.<\/p>\n<p>La \u00faltima vez que el atacante hab\u00eda sido considerado por el entrenador espa\u00f1ol fue en la n\u00f3mina que represent\u00f3 a la Tricolor para las dos primeras fechas de las eliminatorias sudamericanas al Mundial 2026. Gonzalo fue titular en el estreno del equipo ante Argentino y disput\u00f3 66 minutos.<\/p>\n<p>Uno de los que se refiri\u00f3 a su retorno fue el presidente de la Federaci\u00f3n Ecuatoriana de F\u00fatbol (FEF), Francisco Egas. El directivo confirm\u00f3 que se necesita en el combinado nacional de un jugador con sus caracter\u00edsticas, pero deber\u00e1 mantener la compostura y saber llevar de gran manera su vida fuera de las canchas.<\/p>\n<p>\u201cHablamos de Gonzalo Plata, un chico que le hace falta futbol\u00edsticamente a la Selecci\u00f3n. Seguramente tiene que madurar mucho en su parte personal. Pero parece predispuesto a hacerlo\u201d, dijo el directivo en una entrevista para Radio Centro.<\/p>\n<p>El mandatario explic\u00f3 que \u00e9l no incide en la lista que escoge el estratega espa\u00f1ol, pero admite que siempre mantiene conversaciones sobre el presente de los futbolistas ecuatorianos.<\/p>\n<p>\u201cYo lo que no hago es influir. Nunca digo si un jugador tiene que estar&#8230; La convocatoria es del t\u00e9cnico. Pero todo el tiempo estamos discutiendo sobre la actualidad de los jugadores\u201d, afirm\u00f3 el dirigente.<\/p>\n<p>Egas, por \u00faltimo, recalca que es pr\u00e1cticamente imposible satisfacer a todos los aficionados de la Tri, ya que cada uno cuenta con su propia opini\u00f3n: \u201cPoner de acuerdo a 18 millones de personas sobre una lista de 28 jugadores es pr\u00e1cticamente imposible. Cada uno ve el f\u00fatbol a trav\u00e9s del filtro de sus pasiones, de la camiseta de la que es hincha\u201d.<\/p>\n<p>F: El Universo<\/p>\n<p>#Life #LifeNoticias #RadioLife995FM #InformativoLife #Babahoyo #ThiIsLife #SintonizaLaVida<\/p>\n","protected":false},"excerpt":{"rendered":"<p>El presidente de la Federaci\u00f3n Ecuatoriana de F\u00fatbol (FEF), Francisco Egas, se refiri\u00f3 sobre el retorno del extremo que milita en el Al Sadd de Qatar. Un total de 28 jugadores fueron los citados por el t\u00e9cnico F\u00e9lix S\u00e1nchez Bas para afrontar los duelos amistosos de la selecci\u00f3n ecuatoriana en la fecha FIFA del mes [&hellip;]<\/p>\n","protected":false},"author":1,"featured_media":4261,"comment_status":"open","ping_status":"closed","sticky":false,"template":"","format":"standard","meta":{"footnotes":""},"categories":[25],"tags":[],"class_list":["post-4244","post","type-post","status-publish","format-standard","has-post-thumbnail","hentry","category-deportes"],"_links":{"self":[{"href":"https:\/\/lifefm.ec\/index.php\/wp-json\/wp\/v2\/posts\/4244","targetHints":{"allow":["GET"]}}],"collection":[{"href":"https:\/\/lifefm.ec\/index.php\/wp-json\/wp\/v2\/posts"}],"about":[{"href":"https:\/\/lifefm.ec\/index.php\/wp-json\/wp\/v2\/types\/post"}],"author":[{"embeddable":true,"href":"https:\/\/lifefm.ec\/index.php\/wp-json\/wp\/v2\/users\/1"}],"replies":[{"embeddable":true,"href":"https:\/\/lifefm.ec\/index.php\/wp-json\/wp\/v2\/comments?post=4244"}],"version-history":[{"count":1,"href":"https:\/\/lifefm.ec\/index.php\/wp-json\/wp\/v2\/posts\/4244\/revisions"}],"predecessor-version":[{"id":4266,"href":"https:\/\/lifefm.ec\/index.php\/wp-json\/wp\/v2\/posts\/4244\/revisions\/4266"}],"wp:featuredmedia":[{"embeddable":true,"href":"https:\/\/lifefm.ec\/index.php\/wp-json\/wp\/v2\/media\/4261"}],"wp:attachment":[{"href":"https:\/\/lifefm.ec\/index.php\/wp-json\/wp\/v2\/media?parent=4244"}],"wp:term":[{"taxonomy":"category","embeddable":true,"href":"https:\/\/lifefm.ec\/index.php\/wp-json\/wp\/v2\/categories?post=4244"},{"taxonomy":"post_tag","embeddable":true,"href":"https:\/\/lifefm.ec\/index.php\/wp-json\/wp\/v2\/tags?post=4244"}],"curies":[{"name":"wp","href":"https:\/\/api.w.org\/{rel}","templated":true}]}}