{"id":4213,"date":"2024-03-15T09:50:14","date_gmt":"2024-03-15T14:50:14","guid":{"rendered":"https:\/\/lifefm.ec\/?p=4213"},"modified":"2024-03-15T09:50:14","modified_gmt":"2024-03-15T14:50:14","slug":"aladino-sigue-luchando-por-su-vida-pronto-saldra-de-uci-para-seguir-con-controles-en-sala","status":"publish","type":"post","link":"https:\/\/lifefm.ec\/index.php\/2024\/03\/15\/aladino-sigue-luchando-por-su-vida-pronto-saldra-de-uci-para-seguir-con-controles-en-sala\/","title":{"rendered":"ALADINO SIGUE LUCHANDO POR SU VIDA: PRONTO SALDR\u00c1 DE UCI PARA SEGUIR CON CONTROLES EN SALA"},"content":{"rendered":"<blockquote><p>Tras catorce d\u00edas en la Unidad de Cuidados Intensivos (UCI), Aladino, conocido art\u00edsticamente como Enrique Vargas M\u00e1rmol, ser\u00e1 trasladado a una sala de recuperaci\u00f3n. Ingres\u00f3 de urgencia al hospital p\u00fablico de Guayaquil el viernes 1 de marzo de 2014, debido a complicaciones derivadas de una hemorragia hipertensiva.<\/p><\/blockquote>\n<p>Sus hijos emitieron un comunicado anunciando la mejor\u00eda de su padre y su pr\u00f3ximo traslado a una sala. Expresaron su gratitud por el apoyo recibido, tanto a nivel nacional como internacional, y solicitaron continuar con las oraciones por su pronta recuperaci\u00f3n.<\/p>\n<p>Carla Vargas, una de las hijas, comparti\u00f3 que pudo conversar con su padre, quien expres\u00f3 su deseo de ser \u00e9l mismo quien brinde futuras entrevistas sobre su estado de salud. Se enfatiz\u00f3 la importancia de evitar emociones fuertes para mantener estable su presi\u00f3n arterial.<\/p>\n<p>El artista, reconocido como el Mago de la Rockola, fue hospitalizado debido a complicaciones de presi\u00f3n arterial alta que desencadenaron la hemorragia. Tras cuatro d\u00edas, los m\u00e9dicos lograron estabilizar su presi\u00f3n, marcando un progreso en su recuperaci\u00f3n.<\/p>\n<p>F: El Universo<\/p>\n<p>#Life #LifeNoticias #RadioLife995FM #InformativoLife #Babahoyo #ThiIsLife #SintonizaLaVida<\/p>\n","protected":false},"excerpt":{"rendered":"<p>Tras catorce d\u00edas en la Unidad de Cuidados Intensivos (UCI), Aladino, conocido art\u00edsticamente como Enrique Vargas M\u00e1rmol, ser\u00e1 trasladado a una sala de recuperaci\u00f3n. Ingres\u00f3 de urgencia al hospital p\u00fablico de Guayaquil el viernes 1 de marzo de 2014, debido a complicaciones derivadas de una hemorragia hipertensiva. Sus hijos emitieron un comunicado anunciando la mejor\u00eda [&hellip;]<\/p>\n","protected":false},"author":1,"featured_media":4216,"comment_status":"open","ping_status":"closed","sticky":false,"template":"","format":"standard","meta":{"footnotes":""},"categories":[26],"tags":[],"class_list":["post-4213","post","type-post","status-publish","format-standard","has-post-thumbnail","hentry","category-entretenimiento"],"_links":{"self":[{"href":"https:\/\/lifefm.ec\/index.php\/wp-json\/wp\/v2\/posts\/4213","targetHints":{"allow":["GET"]}}],"collection":[{"href":"https:\/\/lifefm.ec\/index.php\/wp-json\/wp\/v2\/posts"}],"about":[{"href":"https:\/\/lifefm.ec\/index.php\/wp-json\/wp\/v2\/types\/post"}],"author":[{"embeddable":true,"href":"https:\/\/lifefm.ec\/index.php\/wp-json\/wp\/v2\/users\/1"}],"replies":[{"embeddable":true,"href":"https:\/\/lifefm.ec\/index.php\/wp-json\/wp\/v2\/comments?post=4213"}],"version-history":[{"count":1,"href":"https:\/\/lifefm.ec\/index.php\/wp-json\/wp\/v2\/posts\/4213\/revisions"}],"predecessor-version":[{"id":4218,"href":"https:\/\/lifefm.ec\/index.php\/wp-json\/wp\/v2\/posts\/4213\/revisions\/4218"}],"wp:featuredmedia":[{"embeddable":true,"href":"https:\/\/lifefm.ec\/index.php\/wp-json\/wp\/v2\/media\/4216"}],"wp:attachment":[{"href":"https:\/\/lifefm.ec\/index.php\/wp-json\/wp\/v2\/media?parent=4213"}],"wp:term":[{"taxonomy":"category","embeddable":true,"href":"https:\/\/lifefm.ec\/index.php\/wp-json\/wp\/v2\/categories?post=4213"},{"taxonomy":"post_tag","embeddable":true,"href":"https:\/\/lifefm.ec\/index.php\/wp-json\/wp\/v2\/tags?post=4213"}],"curies":[{"name":"wp","href":"https:\/\/api.w.org\/{rel}","templated":true}]}}