{"id":4183,"date":"2024-03-14T13:16:06","date_gmt":"2024-03-14T18:16:06","guid":{"rendered":"https:\/\/lifefm.ec\/?p=4183"},"modified":"2024-03-14T13:16:06","modified_gmt":"2024-03-14T18:16:06","slug":"lolabum-el-grupo-de-musica-de-ecuador-que-brillara-en-el-festival-estereo-picnic-de-colombia","status":"publish","type":"post","link":"https:\/\/lifefm.ec\/index.php\/2024\/03\/14\/lolabum-el-grupo-de-musica-de-ecuador-que-brillara-en-el-festival-estereo-picnic-de-colombia\/","title":{"rendered":"LOLAB\u00daM, EL GRUPO DE M\u00daSICA DE ECUADOR QUE BRILLAR\u00c1 EN EL FESTIVAL EST\u00c9REO PICNIC DE COLOMBIA"},"content":{"rendered":"<blockquote><p>El pasado martes 7 de noviembre de 2023, Lolab\u00fam, el grupo capitalino integrado por Mart\u00edn Erazo y Pedro Bonfim, fue anunciado como parte de la cartelera de artistas del Festival Est\u00e9reo Picnic.<\/p><\/blockquote>\n<p>Este evento, uno de los m\u00e1s importantes de m\u00fasica en Latinoam\u00e9rica, se llevar\u00e1 a cabo en Colombia del 21 al 24 de marzo, con la presentaci\u00f3n de Lolab\u00fam programada para el s\u00e1bado 23. Sin embargo, apenas d\u00edas antes de la revelaci\u00f3n oficial del line-up, Mart\u00edn confes\u00f3 en una entrevista con el Diario EL UNIVERSO que se enteraron de la noticia.<\/p>\n<p>Mart\u00edn comparti\u00f3 que fue durante la ma\u00f1ana antes de un concierto en Cali cuando recibieron un correo electr\u00f3nico dirigido a su manager, Santiago Navas, en el que la organizaci\u00f3n del festival expresaba su inter\u00e9s en incluirlos en la programaci\u00f3n. Esta noticia fue recibida con gran emoci\u00f3n por parte del grupo, ya que desde hace tiempo ten\u00edan el deseo de participar en el festival. La oportunidad representa el resultado de un arduo trabajo por parte del grupo.<\/p>\n<p>Lolab\u00fam, perteneciente a la nueva ola de artistas de la d\u00e9cada de 2010, ha explorado diversos sonidos a lo largo de su carrera, plasmados en sus cinco \u00e1lbumes de estudio. Su producci\u00f3n m\u00e1s reciente, \u00abMuchachito Roto\u00bb, lanzada cerca de cumplir un a\u00f1o el 17 de marzo, consta de 11 temas que abordan tem\u00e1ticas como rupturas y crecimiento. En este \u00e1lbum, colaboraron con artistas como Menino Gutto, muy valen (Valentina Albornoz) y Esmarive.<\/p>\n<p>Mart\u00edn, de 27 a\u00f1os, revel\u00f3 que la decisi\u00f3n de radicarse en Colombia est\u00e1 relacionada tanto con la oportunidad profesional como con el tributo a la m\u00fasica que los inspir\u00f3 en su infancia. \u00abMuchachito Roto\u00bb tiene una conexi\u00f3n especial con Ecuador, ya que a trav\u00e9s de samples y referencias, rinde homenaje a la m\u00fasica ecuatoriana que influy\u00f3 en su formaci\u00f3n.<\/p>\n<p>La mudanza a Colombia, seg\u00fan Mart\u00edn, tambi\u00e9n se debe a la inestabilidad pol\u00edtica en Ecuador, que ha afectado la agenda de conciertos y la viabilidad de proyectos art\u00edsticos. La falta de apoyo a la cultura y las dificultades burocr\u00e1ticas han desmotivado a Lolab\u00fam y los han llevado a buscar oportunidades en otro lugar.<\/p>\n<p>En cuanto a su pr\u00f3ximo proyecto discogr\u00e1fico, Mart\u00edn mencion\u00f3 que ya est\u00e1n trabajando en maquetas y que est\u00e1n entusiasmados con la direcci\u00f3n que est\u00e1 tomando la m\u00fasica. El grupo planea seguir creando y explorando nuevas sonoridades para brindar una experiencia \u00fanica a su audiencia.<\/p>\n<p>Para aquellos que no puedan asistir al Festival Est\u00e9reo Picnic, Lolab\u00fam ofrecer\u00e1 un concierto el s\u00e1bado 27 de abril en el Teatro San Gabriel de Quito, bajo el t\u00edtulo \u00abDe parte de tu Muchachito Roto\u00bb.<\/p>\n<p>El evento incluir\u00e1 la presentaci\u00f3n de nuevas canciones y la participaci\u00f3n especial de la agrupaci\u00f3n colombiana Nicol\u00e1s y los fumadores.<\/p>\n<p>Entradas: butaca frontal $ 40 (incluye Meet &amp; Greet); butaca media $ 30; palco $ 25; butaca posterior $ 20.<\/p>\n<p>&nbsp;<\/p>\n<p>F: El Universo<\/p>\n<p>#Life #LifeNoticias #RadioLife995FM #InformativoLife #Babahoyo #ThiIsLife #SintonizaLaVida<\/p>\n","protected":false},"excerpt":{"rendered":"<p>El pasado martes 7 de noviembre de 2023, Lolab\u00fam, el grupo capitalino integrado por Mart\u00edn Erazo y Pedro Bonfim, fue anunciado como parte de la cartelera de artistas del Festival Est\u00e9reo Picnic. Este evento, uno de los m\u00e1s importantes de m\u00fasica en Latinoam\u00e9rica, se llevar\u00e1 a cabo en Colombia del 21 al 24 de marzo, [&hellip;]<\/p>\n","protected":false},"author":1,"featured_media":4185,"comment_status":"open","ping_status":"closed","sticky":false,"template":"","format":"standard","meta":{"footnotes":""},"categories":[26],"tags":[],"class_list":["post-4183","post","type-post","status-publish","format-standard","has-post-thumbnail","hentry","category-entretenimiento"],"_links":{"self":[{"href":"https:\/\/lifefm.ec\/index.php\/wp-json\/wp\/v2\/posts\/4183","targetHints":{"allow":["GET"]}}],"collection":[{"href":"https:\/\/lifefm.ec\/index.php\/wp-json\/wp\/v2\/posts"}],"about":[{"href":"https:\/\/lifefm.ec\/index.php\/wp-json\/wp\/v2\/types\/post"}],"author":[{"embeddable":true,"href":"https:\/\/lifefm.ec\/index.php\/wp-json\/wp\/v2\/users\/1"}],"replies":[{"embeddable":true,"href":"https:\/\/lifefm.ec\/index.php\/wp-json\/wp\/v2\/comments?post=4183"}],"version-history":[{"count":1,"href":"https:\/\/lifefm.ec\/index.php\/wp-json\/wp\/v2\/posts\/4183\/revisions"}],"predecessor-version":[{"id":4186,"href":"https:\/\/lifefm.ec\/index.php\/wp-json\/wp\/v2\/posts\/4183\/revisions\/4186"}],"wp:featuredmedia":[{"embeddable":true,"href":"https:\/\/lifefm.ec\/index.php\/wp-json\/wp\/v2\/media\/4185"}],"wp:attachment":[{"href":"https:\/\/lifefm.ec\/index.php\/wp-json\/wp\/v2\/media?parent=4183"}],"wp:term":[{"taxonomy":"category","embeddable":true,"href":"https:\/\/lifefm.ec\/index.php\/wp-json\/wp\/v2\/categories?post=4183"},{"taxonomy":"post_tag","embeddable":true,"href":"https:\/\/lifefm.ec\/index.php\/wp-json\/wp\/v2\/tags?post=4183"}],"curies":[{"name":"wp","href":"https:\/\/api.w.org\/{rel}","templated":true}]}}