{"id":4168,"date":"2024-03-14T12:52:51","date_gmt":"2024-03-14T17:52:51","guid":{"rendered":"https:\/\/lifefm.ec\/?p=4168"},"modified":"2024-03-14T12:52:51","modified_gmt":"2024-03-14T17:52:51","slug":"la-nueva-camiseta-de-ecuador-cumple-con-el-reglamento-de-la-fifa","status":"publish","type":"post","link":"https:\/\/lifefm.ec\/index.php\/2024\/03\/14\/la-nueva-camiseta-de-ecuador-cumple-con-el-reglamento-de-la-fifa\/","title":{"rendered":"\u00bfLA NUEVA CAMISETA DE ECUADOR CUMPLE CON EL REGLAMENTO DE LA FIFA?"},"content":{"rendered":"<blockquote><p>La Federaci\u00f3n Ecuatoriana de F\u00fatbol y Marathon Sports presentaron los nuevos uniformes de la selecci\u00f3n ecuatoriana para la Copa Am\u00e9rica 2024. Sin embargo, la camiseta principal ha generado pol\u00e9mica.<\/p><\/blockquote>\n<p>La Federaci\u00f3n Ecuatoriana de F\u00fatbol (FEF) y Marathon Sports presentaron la indumentaria que usar\u00e1 la Tricolor en la Copa Am\u00e9rica de Estados Unidos, pero los colores predominantes usados en su equipaci\u00f3n principal generan dudas respecto al cumplimiento del reglamento de la FIFA. La camiseta titular es del tradicional color amarillo con una franja azul en diagonal, pero en la parte posterior, el amarillo desaparece y da lugar a que el azul ocupe toda la espalda. Algo que no est\u00e1 permitido.<\/p>\n<p>El art\u00edculo 6.3 del reglamento de la FIFA, se\u00f1ala: \u00absi una prenda del uniforme tiene m\u00e1s de un color, uno de ellos predominar\u00e1 claramente sobre el resto y en la misma medida por delante y por detr\u00e1s\u00bb.<\/p>\n<p>De igual manera, en el art\u00edculo 13.2 que hace referencia a los colores de las camisetas, se especifica que \u00abla zona frontal y la zona dorsal de la camiseta tendr\u00e1n el mismo color predominante. Las dos mangas ser\u00e1n del mismo color o colores, y estos no reducir\u00e1n la impresi\u00f3n visual primordial del color predominante de la zona frontal y dorsal de la camiseta\u00bb.<\/p>\n<p>Es decir, la camiseta amarilla presentada por la FEF y por Marathon Sports, no cumplir\u00eda con el reglamento y no podr\u00eda usarse en partidos oficiales. Una soluci\u00f3n podr\u00eda ser que la espalda se cambia de azul a amarillo, para que pueda regirse a la norma.<\/p>\n<p>Por su parte, Marathon Sports y La Federaci\u00f3n Ecuatoriana de F\u00fatbol no se han pronunciado hasta el momento.<\/p>\n<p>F: Primicias<\/p>\n<p>#Life #LifeNoticias #RadioLife995FM #InformativoLife #Babahoyo #ThiIsLife #SintonizaLaVida<\/p>\n","protected":false},"excerpt":{"rendered":"<p>La Federaci\u00f3n Ecuatoriana de F\u00fatbol y Marathon Sports presentaron los nuevos uniformes de la selecci\u00f3n ecuatoriana para la Copa Am\u00e9rica 2024. Sin embargo, la camiseta principal ha generado pol\u00e9mica. La Federaci\u00f3n Ecuatoriana de F\u00fatbol (FEF) y Marathon Sports presentaron la indumentaria que usar\u00e1 la Tricolor en la Copa Am\u00e9rica de Estados Unidos, pero los colores [&hellip;]<\/p>\n","protected":false},"author":1,"featured_media":4170,"comment_status":"open","ping_status":"closed","sticky":false,"template":"","format":"standard","meta":{"footnotes":""},"categories":[25],"tags":[],"class_list":["post-4168","post","type-post","status-publish","format-standard","has-post-thumbnail","hentry","category-deportes"],"_links":{"self":[{"href":"https:\/\/lifefm.ec\/index.php\/wp-json\/wp\/v2\/posts\/4168","targetHints":{"allow":["GET"]}}],"collection":[{"href":"https:\/\/lifefm.ec\/index.php\/wp-json\/wp\/v2\/posts"}],"about":[{"href":"https:\/\/lifefm.ec\/index.php\/wp-json\/wp\/v2\/types\/post"}],"author":[{"embeddable":true,"href":"https:\/\/lifefm.ec\/index.php\/wp-json\/wp\/v2\/users\/1"}],"replies":[{"embeddable":true,"href":"https:\/\/lifefm.ec\/index.php\/wp-json\/wp\/v2\/comments?post=4168"}],"version-history":[{"count":1,"href":"https:\/\/lifefm.ec\/index.php\/wp-json\/wp\/v2\/posts\/4168\/revisions"}],"predecessor-version":[{"id":4171,"href":"https:\/\/lifefm.ec\/index.php\/wp-json\/wp\/v2\/posts\/4168\/revisions\/4171"}],"wp:featuredmedia":[{"embeddable":true,"href":"https:\/\/lifefm.ec\/index.php\/wp-json\/wp\/v2\/media\/4170"}],"wp:attachment":[{"href":"https:\/\/lifefm.ec\/index.php\/wp-json\/wp\/v2\/media?parent=4168"}],"wp:term":[{"taxonomy":"category","embeddable":true,"href":"https:\/\/lifefm.ec\/index.php\/wp-json\/wp\/v2\/categories?post=4168"},{"taxonomy":"post_tag","embeddable":true,"href":"https:\/\/lifefm.ec\/index.php\/wp-json\/wp\/v2\/tags?post=4168"}],"curies":[{"name":"wp","href":"https:\/\/api.w.org\/{rel}","templated":true}]}}