{"id":4057,"date":"2024-03-14T09:13:42","date_gmt":"2024-03-14T14:13:42","guid":{"rendered":"https:\/\/lifefm.ec\/?p=4057"},"modified":"2024-03-14T09:13:42","modified_gmt":"2024-03-14T14:13:42","slug":"el-cantante-residente-de-calle-13-ha-anunciado-un-concierto-en-quito-programado-para-octubre","status":"publish","type":"post","link":"https:\/\/lifefm.ec\/index.php\/2024\/03\/14\/el-cantante-residente-de-calle-13-ha-anunciado-un-concierto-en-quito-programado-para-octubre\/","title":{"rendered":"EL CANTANTE RESIDENTE DE CALLE 13 HA ANUNCIADO UN CONCIERTO EN QUITO PROGRAMADO PARA OCTUBRE"},"content":{"rendered":"<blockquote><p>El reconocido cantante puertorrique\u00f1o, Ren\u00e9 P\u00e9rez, conocido art\u00edsticamente como Residente, visitar\u00e1 la capital ecuatoriana como parte de su gira \u00abLas letras ya no importan\u00bb, t\u00edtulo tambi\u00e9n de su m\u00e1s reciente disco.<\/p><\/blockquote>\n<p>Renombrado por sus \u00e9xitos con Calle 13, esta vez P\u00e9rez se presentar\u00e1 en solitario, prometiendo un espect\u00e1culo \u00fanico.<\/p>\n<p>Con una trayectoria marcada por su compromiso con la m\u00fasica y la denuncia social, Residente se ha destacado como uno de los artistas m\u00e1s innovadores y controvertidos de la escena latinoamericana.<\/p>\n<p>Sus letras cargadas de cr\u00edtica social, su estilo \u00fanico y su carisma inconfundible lo han convertido en un referente para toda una generaci\u00f3n de seguidores \u00e1vidos de autenticidad y compromiso.<\/p>\n<p>El concierto se llevar\u00e1 a cabo el 26 de octubre en el Coliseo General Rumi\u00f1ahui. Las entradas est\u00e1n disponibles desde el viernes 15 de marzo a trav\u00e9s del sitio web TicketShow y en sus puntos de venta f\u00edsicos.<\/p>\n<p>Las localidades para el espect\u00e1culo son las siguientes:<\/p>\n<p>&#8211; VIP: $40<\/p>\n<p>&#8211; FAN: $80<\/p>\n<p>&#8211; BUTACA: $120<\/p>\n<p>&#8211; OUTPUT BOX: $160<\/p>\n<p>&#8211; RESIDENTE BOX: $200<\/p>\n<p>El nuevo \u00e1lbum de Residente incluye 23 temas, con la participaci\u00f3n de destacados artistas como Pen\u00e9lope Cruz, Ricky Martin, Busta Rhymes, Vico C, Big Daddy Kane, Rauw Alejandro, Christian Nodal, Arc\u00e1ngel, Jessie Reyez, Silvia P\u00e9rez Cruz, Ibeyi, WOS, Nino Freestyle, Amal Murkus, SFDK y AI2 El Aldeano.<\/p>\n<p>F: El Universo<\/p>\n<p>#Life #LifeNoticias #RadioLife995FM #InformativoLife #Babahoyo #ThiIsLife #SintonizaLaVida<\/p>\n","protected":false},"excerpt":{"rendered":"<p>El reconocido cantante puertorrique\u00f1o, Ren\u00e9 P\u00e9rez, conocido art\u00edsticamente como Residente, visitar\u00e1 la capital ecuatoriana como parte de su gira \u00abLas letras ya no importan\u00bb, t\u00edtulo tambi\u00e9n de su m\u00e1s reciente disco. Renombrado por sus \u00e9xitos con Calle 13, esta vez P\u00e9rez se presentar\u00e1 en solitario, prometiendo un espect\u00e1culo \u00fanico. Con una trayectoria marcada por su [&hellip;]<\/p>\n","protected":false},"author":1,"featured_media":4058,"comment_status":"open","ping_status":"closed","sticky":false,"template":"","format":"standard","meta":{"footnotes":""},"categories":[26],"tags":[],"class_list":["post-4057","post","type-post","status-publish","format-standard","has-post-thumbnail","hentry","category-entretenimiento"],"_links":{"self":[{"href":"https:\/\/lifefm.ec\/index.php\/wp-json\/wp\/v2\/posts\/4057","targetHints":{"allow":["GET"]}}],"collection":[{"href":"https:\/\/lifefm.ec\/index.php\/wp-json\/wp\/v2\/posts"}],"about":[{"href":"https:\/\/lifefm.ec\/index.php\/wp-json\/wp\/v2\/types\/post"}],"author":[{"embeddable":true,"href":"https:\/\/lifefm.ec\/index.php\/wp-json\/wp\/v2\/users\/1"}],"replies":[{"embeddable":true,"href":"https:\/\/lifefm.ec\/index.php\/wp-json\/wp\/v2\/comments?post=4057"}],"version-history":[{"count":1,"href":"https:\/\/lifefm.ec\/index.php\/wp-json\/wp\/v2\/posts\/4057\/revisions"}],"predecessor-version":[{"id":4061,"href":"https:\/\/lifefm.ec\/index.php\/wp-json\/wp\/v2\/posts\/4057\/revisions\/4061"}],"wp:featuredmedia":[{"embeddable":true,"href":"https:\/\/lifefm.ec\/index.php\/wp-json\/wp\/v2\/media\/4058"}],"wp:attachment":[{"href":"https:\/\/lifefm.ec\/index.php\/wp-json\/wp\/v2\/media?parent=4057"}],"wp:term":[{"taxonomy":"category","embeddable":true,"href":"https:\/\/lifefm.ec\/index.php\/wp-json\/wp\/v2\/categories?post=4057"},{"taxonomy":"post_tag","embeddable":true,"href":"https:\/\/lifefm.ec\/index.php\/wp-json\/wp\/v2\/tags?post=4057"}],"curies":[{"name":"wp","href":"https:\/\/api.w.org\/{rel}","templated":true}]}}