{"id":4012,"date":"2024-03-13T11:19:50","date_gmt":"2024-03-13T16:19:50","guid":{"rendered":"https:\/\/lifefm.ec\/?p=4012"},"modified":"2024-03-13T11:19:50","modified_gmt":"2024-03-13T16:19:50","slug":"barcelona-sc-pide-que-arbitro-augusto-aragon-no-dirija-partidos-del-club","status":"publish","type":"post","link":"https:\/\/lifefm.ec\/index.php\/2024\/03\/13\/barcelona-sc-pide-que-arbitro-augusto-aragon-no-dirija-partidos-del-club\/","title":{"rendered":"BARCELONA SC PIDE QUE \u00c1RBITRO AUGUSTO ARAG\u00d3N NO DIRIJA PARTIDOS DEL CLUB"},"content":{"rendered":"<blockquote><p>La noche del s\u00e1bado, Barcelona SC experiment\u00f3 su primera derrota en la Liga Pro, en su visita a Independiente del Valle, que le gan\u00f3 3-1 en duelo de la segunda jornada que se realiz\u00f3 en el estadio Banco Guayaquil.<\/p><\/blockquote>\n<p>Sin embargo, los canarios quedaron inconformes con el arbitraje de Augusto Arag\u00f3n y expresaron su malestar en una carta dirigida al argentino N\u00e9stor Pitana, presidente de la Comisi\u00f3n Nacional de Arbitraje (CNA).<\/p>\n<p>Una de las acciones que los amarillos mencionan en su reclamo es una mano de Anthony Land\u00e1zuri antes del 1-0 de los locales y luego una dura falta de Cristian Zabala a An\u00edbal Chal\u00e1 que fue sancionada con tarjeta amarilla (solicitaron la expulsi\u00f3n con una roja).<\/p>\n<p>\u201cEs completamente inaceptable que, hasta la fecha, los audios del VAR no hayan sido revelados en el Campeonato Nacional de F\u00fatbol ecuatoriano. Esta falta de transparencia contrasta con lo que sucede en otras ligas del mundo, donde los registros de audio del VAR son p\u00fablicos y accesibles para todos. Esta situaci\u00f3n se torna preocupante dado que se ha requerido esta medida desde el a\u00f1o pasado\u201d, dijo la misiva.<\/p>\n<p>\u201cPor lo antes expuesto, est\u00e1 m\u00e1s que justificado que el se\u00f1or Augusto Bergelio Arag\u00f3n Bautista no vuelva a ser considerado como parte de la terna arbitral en aquellos partidos que deba disputar Barcelona Sporting Club dentro del Campeonato Nacional de F\u00fatbol\u201d, a\u00f1adi\u00f3.<\/p>\n<p>Y prosigui\u00f3: No est\u00e1bamos equivocados al temer que algo pudiera perjudicarnos. Adem\u00e1s, es evidente que el se\u00f1or Arag\u00f3n busca tener un excesivo protagonismo en cada cotejo, lo cual afecta al desarrollo deportivo.<\/p>\n<p>La misiva cerr\u00f3 con la advertencia de que la directiva torera estar\u00e1 \u201catenta\u201d y \u201cvigilante\u201d al accionar de las pr\u00f3ximas ternas de jueces que les designen para los encuentros.<\/p>\n<p>\u201cExigimos un arbitraje justo y equitativo, pero no podemos seguir creyendo que cada vez que nos enfrentamos al se\u00f1or Augusto Bergelio Arag\u00f3n Bautista debemos esperar este tipo de decisiones perjudiciales que van en contra de todo el esfuerzo y trabajo realizado durante la semana\u201d, cerr\u00f3 la carta torera, firmada por Antonio Alvarez y el representante legal temporal, Ricardo Mu\u00f1oz Olvera.<\/p>\n<p>F: El Universo<\/p>\n<p>#Life #LifeNoticias #RadioLife995FM #InformativoLife #Babahoyo #ThiIsLife #SintonizaLaVida<\/p>\n","protected":false},"excerpt":{"rendered":"<p>La noche del s\u00e1bado, Barcelona SC experiment\u00f3 su primera derrota en la Liga Pro, en su visita a Independiente del Valle, que le gan\u00f3 3-1 en duelo de la segunda jornada que se realiz\u00f3 en el estadio Banco Guayaquil. Sin embargo, los canarios quedaron inconformes con el arbitraje de Augusto Arag\u00f3n y expresaron su malestar [&hellip;]<\/p>\n","protected":false},"author":1,"featured_media":4013,"comment_status":"open","ping_status":"closed","sticky":false,"template":"","format":"standard","meta":{"footnotes":""},"categories":[25],"tags":[],"class_list":["post-4012","post","type-post","status-publish","format-standard","has-post-thumbnail","hentry","category-deportes"],"_links":{"self":[{"href":"https:\/\/lifefm.ec\/index.php\/wp-json\/wp\/v2\/posts\/4012","targetHints":{"allow":["GET"]}}],"collection":[{"href":"https:\/\/lifefm.ec\/index.php\/wp-json\/wp\/v2\/posts"}],"about":[{"href":"https:\/\/lifefm.ec\/index.php\/wp-json\/wp\/v2\/types\/post"}],"author":[{"embeddable":true,"href":"https:\/\/lifefm.ec\/index.php\/wp-json\/wp\/v2\/users\/1"}],"replies":[{"embeddable":true,"href":"https:\/\/lifefm.ec\/index.php\/wp-json\/wp\/v2\/comments?post=4012"}],"version-history":[{"count":1,"href":"https:\/\/lifefm.ec\/index.php\/wp-json\/wp\/v2\/posts\/4012\/revisions"}],"predecessor-version":[{"id":4014,"href":"https:\/\/lifefm.ec\/index.php\/wp-json\/wp\/v2\/posts\/4012\/revisions\/4014"}],"wp:featuredmedia":[{"embeddable":true,"href":"https:\/\/lifefm.ec\/index.php\/wp-json\/wp\/v2\/media\/4013"}],"wp:attachment":[{"href":"https:\/\/lifefm.ec\/index.php\/wp-json\/wp\/v2\/media?parent=4012"}],"wp:term":[{"taxonomy":"category","embeddable":true,"href":"https:\/\/lifefm.ec\/index.php\/wp-json\/wp\/v2\/categories?post=4012"},{"taxonomy":"post_tag","embeddable":true,"href":"https:\/\/lifefm.ec\/index.php\/wp-json\/wp\/v2\/tags?post=4012"}],"curies":[{"name":"wp","href":"https:\/\/api.w.org\/{rel}","templated":true}]}}