{"id":4008,"date":"2024-03-13T11:33:32","date_gmt":"2024-03-13T16:33:32","guid":{"rendered":"https:\/\/lifefm.ec\/?p=4008"},"modified":"2024-03-13T11:33:32","modified_gmt":"2024-03-13T16:33:32","slug":"wilfrido-vargas-supera-una-enfermedad-respiratoria-y-recibe-el-alta-medica","status":"publish","type":"post","link":"https:\/\/lifefm.ec\/index.php\/2024\/03\/13\/wilfrido-vargas-supera-una-enfermedad-respiratoria-y-recibe-el-alta-medica\/","title":{"rendered":"WILFRIDO VARGAS SUPERA UNA ENFERMEDAD RESPIRATORIA Y RECIBE EL ALTA M\u00c9DICA"},"content":{"rendered":"<blockquote><p>Vargas, de 74 a\u00f1os, experiment\u00f3 s\u00edntomas gripales al regresar de un viaje de trabajo. Este martes, el reconocido m\u00fasico y director de orquesta dominicano, Wilfrido Vargas, recibi\u00f3 el alta m\u00e9dica despu\u00e9s de una semana de hospitalizaci\u00f3n en una cl\u00ednica de Santo Domingo.<\/p><\/blockquote>\n<p>Fue ingresado el 5 de marzo debido a un cuadro de neumon\u00eda e influenza tipo A. Seg\u00fan un comunicado, los m\u00e9dicos informaron que el artista \u00abha evolucionado satisfactoriamente\u00bb y recomendaron que contin\u00fae su recuperaci\u00f3n en casa.<\/p>\n<p>En el comunicado, Vargas agradeci\u00f3 a \u00abtantas personas\u00bb por su solidaridad y apoyo en todo el mundo durante su enfermedad, as\u00ed como a sus m\u00e9dicos. El 4 de marzo, el reconocido merenguero hab\u00eda regresado a Rep\u00fablica Dominicana despu\u00e9s de cumplir compromisos art\u00edsticos en Puerto Rico, y fue durante ese viaje que comenz\u00f3 a experimentar s\u00edntomas de gripe.<\/p>\n<p>A lo largo de su dilatada carrera en el merengue, Wilfrido Vargas ha cosechado grandes \u00e9xitos y ha contribuido a la internacionalizaci\u00f3n de este g\u00e9nero. Canciones como \u00abEl africano\u00bb, \u00abEl baile del perrito\u00bb, \u00abEl jardinero\u00bb, \u00abEl hombre divertido\u00bb o \u00abVolver\u00e9\u00bb son algunos de los temas m\u00e1s populares interpretados por su orquesta. Vargas inici\u00f3 su carrera a principios de los a\u00f1os 70 del siglo pasado.<\/p>\n<p>F: El Universo<\/p>\n<p>#Life #LifeNoticias #RadioLife995FM #InformativoLife #Babahoyo #ThiIsLife #SintonizaLaVida<\/p>\n","protected":false},"excerpt":{"rendered":"<p>Vargas, de 74 a\u00f1os, experiment\u00f3 s\u00edntomas gripales al regresar de un viaje de trabajo. Este martes, el reconocido m\u00fasico y director de orquesta dominicano, Wilfrido Vargas, recibi\u00f3 el alta m\u00e9dica despu\u00e9s de una semana de hospitalizaci\u00f3n en una cl\u00ednica de Santo Domingo. Fue ingresado el 5 de marzo debido a un cuadro de neumon\u00eda e [&hellip;]<\/p>\n","protected":false},"author":1,"featured_media":4018,"comment_status":"open","ping_status":"closed","sticky":false,"template":"","format":"standard","meta":{"footnotes":""},"categories":[26],"tags":[],"class_list":["post-4008","post","type-post","status-publish","format-standard","has-post-thumbnail","hentry","category-entretenimiento"],"_links":{"self":[{"href":"https:\/\/lifefm.ec\/index.php\/wp-json\/wp\/v2\/posts\/4008","targetHints":{"allow":["GET"]}}],"collection":[{"href":"https:\/\/lifefm.ec\/index.php\/wp-json\/wp\/v2\/posts"}],"about":[{"href":"https:\/\/lifefm.ec\/index.php\/wp-json\/wp\/v2\/types\/post"}],"author":[{"embeddable":true,"href":"https:\/\/lifefm.ec\/index.php\/wp-json\/wp\/v2\/users\/1"}],"replies":[{"embeddable":true,"href":"https:\/\/lifefm.ec\/index.php\/wp-json\/wp\/v2\/comments?post=4008"}],"version-history":[{"count":1,"href":"https:\/\/lifefm.ec\/index.php\/wp-json\/wp\/v2\/posts\/4008\/revisions"}],"predecessor-version":[{"id":4019,"href":"https:\/\/lifefm.ec\/index.php\/wp-json\/wp\/v2\/posts\/4008\/revisions\/4019"}],"wp:featuredmedia":[{"embeddable":true,"href":"https:\/\/lifefm.ec\/index.php\/wp-json\/wp\/v2\/media\/4018"}],"wp:attachment":[{"href":"https:\/\/lifefm.ec\/index.php\/wp-json\/wp\/v2\/media?parent=4008"}],"wp:term":[{"taxonomy":"category","embeddable":true,"href":"https:\/\/lifefm.ec\/index.php\/wp-json\/wp\/v2\/categories?post=4008"},{"taxonomy":"post_tag","embeddable":true,"href":"https:\/\/lifefm.ec\/index.php\/wp-json\/wp\/v2\/tags?post=4008"}],"curies":[{"name":"wp","href":"https:\/\/api.w.org\/{rel}","templated":true}]}}