{"id":4005,"date":"2024-03-13T11:06:17","date_gmt":"2024-03-13T16:06:17","guid":{"rendered":"https:\/\/lifefm.ec\/?p=4005"},"modified":"2024-03-13T11:06:17","modified_gmt":"2024-03-13T16:06:17","slug":"centro-cultural-alembert-vera-alcivar-se-inauguro-en-el-conocido-barrio-del-centenario-al-sur-de-guayaquil","status":"publish","type":"post","link":"https:\/\/lifefm.ec\/index.php\/2024\/03\/13\/centro-cultural-alembert-vera-alcivar-se-inauguro-en-el-conocido-barrio-del-centenario-al-sur-de-guayaquil\/","title":{"rendered":"CENTRO CULTURAL ALEMBERT VERA ALC\u00cdVAR SE INAUGUR\u00d3 EN EL CONOCIDO BARRIO DEL CENTENARIO, AL SUR DE GUAYAQUIL"},"content":{"rendered":"<blockquote><p>La iniciativa liderada por Alembert Vera, ex presidente del Consejo de Participaci\u00f3n Ciudadana, busca recuperar las tradiciones guayaquile\u00f1as, centr\u00e1ndose en el emblem\u00e1tico barrio del Centenario. En honor a su abuelo, bombero voluntario que migr\u00f3 de Manab\u00ed a Guayaquil d\u00e9cadas atr\u00e1s, Vera inaugur\u00f3 el Centro Cultural Alembert Vera Alc\u00edvar el lunes 11 de marzo.<\/p><\/blockquote>\n<p>El centro, ubicado en una vivienda patrimonial en las calles Jos\u00e9 Salcedo 114 y Maracaibo, fue donado por un amigo de Manab\u00ed. Vera, abogado de profesi\u00f3n, siempre ha estado interesado en servir a la ciudadan\u00eda y considera este centro como un proyecto anhelado desde su juventud, inspirado por el servicio inculcado por su familia.<\/p>\n<p>Tras ser destituido de su cargo en octubre pasado, Vera retom\u00f3 sus actividades como abogado y comenz\u00f3 este proyecto con el apoyo de amigos y colegas. El Centro Cultural AVA ofrece una variedad de actividades para todas las edades, incluyendo cursos de pintura, clubes de lectura, deportes, atenci\u00f3n psicol\u00f3gica y legal, terapia f\u00edsica, coworking y eventos sociales.<\/p>\n<p>Las actividades tienen un costo simb\u00f3lico y el centro est\u00e1 abierto para el alquiler de espacios. Adem\u00e1s, se est\u00e1 desarrollando el programa \u00c1ngeles para apadrinar a ni\u00f1os, j\u00f3venes y adultos mayores. Daniel Galeano, escen\u00f3grafo, administra el centro y coordina las actividades.<\/p>\n<p>Vera espera que esta iniciativa se replique en otros sectores de la ciudad, como una forma de contrarrestar la violencia y la criminalidad en el pa\u00eds. Adem\u00e1s de ser el mentor del centro, Vera impartir\u00e1 cursos y talleres enfocados en el Derecho, abordando temas como el derecho de emprendedores, propiedad intelectual, liderazgo y participaci\u00f3n democr\u00e1tica.<\/p>\n<p>F: El Universo<\/p>\n<p>#Life #LifeNoticias #RadioLife995FM #InformativoLife #Babahoyo #ThiIsLife #SintonizaLaVida<\/p>\n","protected":false},"excerpt":{"rendered":"<p>La iniciativa liderada por Alembert Vera, ex presidente del Consejo de Participaci\u00f3n Ciudadana, busca recuperar las tradiciones guayaquile\u00f1as, centr\u00e1ndose en el emblem\u00e1tico barrio del Centenario. En honor a su abuelo, bombero voluntario que migr\u00f3 de Manab\u00ed a Guayaquil d\u00e9cadas atr\u00e1s, Vera inaugur\u00f3 el Centro Cultural Alembert Vera Alc\u00edvar el lunes 11 de marzo. El centro, [&hellip;]<\/p>\n","protected":false},"author":1,"featured_media":4006,"comment_status":"open","ping_status":"closed","sticky":false,"template":"","format":"standard","meta":{"footnotes":""},"categories":[26],"tags":[],"class_list":["post-4005","post","type-post","status-publish","format-standard","has-post-thumbnail","hentry","category-entretenimiento"],"_links":{"self":[{"href":"https:\/\/lifefm.ec\/index.php\/wp-json\/wp\/v2\/posts\/4005","targetHints":{"allow":["GET"]}}],"collection":[{"href":"https:\/\/lifefm.ec\/index.php\/wp-json\/wp\/v2\/posts"}],"about":[{"href":"https:\/\/lifefm.ec\/index.php\/wp-json\/wp\/v2\/types\/post"}],"author":[{"embeddable":true,"href":"https:\/\/lifefm.ec\/index.php\/wp-json\/wp\/v2\/users\/1"}],"replies":[{"embeddable":true,"href":"https:\/\/lifefm.ec\/index.php\/wp-json\/wp\/v2\/comments?post=4005"}],"version-history":[{"count":1,"href":"https:\/\/lifefm.ec\/index.php\/wp-json\/wp\/v2\/posts\/4005\/revisions"}],"predecessor-version":[{"id":4007,"href":"https:\/\/lifefm.ec\/index.php\/wp-json\/wp\/v2\/posts\/4005\/revisions\/4007"}],"wp:featuredmedia":[{"embeddable":true,"href":"https:\/\/lifefm.ec\/index.php\/wp-json\/wp\/v2\/media\/4006"}],"wp:attachment":[{"href":"https:\/\/lifefm.ec\/index.php\/wp-json\/wp\/v2\/media?parent=4005"}],"wp:term":[{"taxonomy":"category","embeddable":true,"href":"https:\/\/lifefm.ec\/index.php\/wp-json\/wp\/v2\/categories?post=4005"},{"taxonomy":"post_tag","embeddable":true,"href":"https:\/\/lifefm.ec\/index.php\/wp-json\/wp\/v2\/tags?post=4005"}],"curies":[{"name":"wp","href":"https:\/\/api.w.org\/{rel}","templated":true}]}}