{"id":3998,"date":"2024-03-13T10:58:15","date_gmt":"2024-03-13T15:58:15","guid":{"rendered":"https:\/\/lifefm.ec\/?p=3998"},"modified":"2024-03-13T10:58:15","modified_gmt":"2024-03-13T15:58:15","slug":"gustavo-lara-festeja-su-primer-aniversario-de-casado-por-la-iglesia-con-corina-viteri-quien-es-de-quito","status":"publish","type":"post","link":"https:\/\/lifefm.ec\/index.php\/2024\/03\/13\/gustavo-lara-festeja-su-primer-aniversario-de-casado-por-la-iglesia-con-corina-viteri-quien-es-de-quito\/","title":{"rendered":"GUSTAVO LARA FESTEJA SU PRIMER ANIVERSARIO DE CASADO POR LA IGLESIA CON CORINA VITERI, QUIEN ES DE QUITO"},"content":{"rendered":"<blockquote><p>El cantante y compositor mexicano Gustavo Lara, de 52 a\u00f1os, conmemor\u00f3 el primer aniversario de su matrimonio con una publicaci\u00f3n en redes sociales junto a su esposa, la ecuatoriana &#8216;Cori&#8217; Viteri, luciendo sus trajes de novios.<\/p><\/blockquote>\n<p>En su mensaje, Lara reflexion\u00f3 sobre su relaci\u00f3n con Viteri, describi\u00e9ndola como \u00abun viaje de muchas millas y algunos a\u00f1os\u00bb. Asimismo, comparti\u00f3 que la organizaci\u00f3n de la boda enfrent\u00f3 dificultades, requiriendo varios meses de planificaci\u00f3n, con algunos contratiempos debido a la pandemia que obligaron a cancelar y posponer algunos planes. A pesar de ello, expres\u00f3 su felicidad por haber tomado una de las mejores decisiones de su vida al casarse.<\/p>\n<p>Por otro lado, la esposa del artista, quien forma parte de su equipo de ventas, tambi\u00e9n comparti\u00f3 una foto de su sesi\u00f3n de novios en tono humor\u00edstico, haciendo referencia al hecho de que Lara se cas\u00f3 por primera vez por lo civil y eclesi\u00e1stico a los 50 a\u00f1os. La ceremonia tuvo lugar en octubre de 2021 en Guayaquil y fue oficiada por el entonces vicealcalde de la ciudad, Josu\u00e9 S\u00e1nchez. Entre los invitados destacados se encontraban la presentadora de televisi\u00f3n Ana Buljubasich y su esposo, el m\u00fasico Nerio David, la periodista deportiva Mar\u00eda Jos\u00e9 Flores y los actores Flor Mar\u00eda Palomeque y Roberto Ch\u00e1vez.<\/p>\n<p>F: El Universo<\/p>\n<p>#Life #LifeNoticias #RadioLife995FM #InformativoLife #Babahoyo #ThiIsLife #SintonizaLaVida<\/p>\n","protected":false},"excerpt":{"rendered":"<p>El cantante y compositor mexicano Gustavo Lara, de 52 a\u00f1os, conmemor\u00f3 el primer aniversario de su matrimonio con una publicaci\u00f3n en redes sociales junto a su esposa, la ecuatoriana &#8216;Cori&#8217; Viteri, luciendo sus trajes de novios. En su mensaje, Lara reflexion\u00f3 sobre su relaci\u00f3n con Viteri, describi\u00e9ndola como \u00abun viaje de muchas millas y algunos [&hellip;]<\/p>\n","protected":false},"author":1,"featured_media":4002,"comment_status":"open","ping_status":"closed","sticky":false,"template":"","format":"standard","meta":{"footnotes":""},"categories":[26],"tags":[],"class_list":["post-3998","post","type-post","status-publish","format-standard","has-post-thumbnail","hentry","category-entretenimiento"],"_links":{"self":[{"href":"https:\/\/lifefm.ec\/index.php\/wp-json\/wp\/v2\/posts\/3998","targetHints":{"allow":["GET"]}}],"collection":[{"href":"https:\/\/lifefm.ec\/index.php\/wp-json\/wp\/v2\/posts"}],"about":[{"href":"https:\/\/lifefm.ec\/index.php\/wp-json\/wp\/v2\/types\/post"}],"author":[{"embeddable":true,"href":"https:\/\/lifefm.ec\/index.php\/wp-json\/wp\/v2\/users\/1"}],"replies":[{"embeddable":true,"href":"https:\/\/lifefm.ec\/index.php\/wp-json\/wp\/v2\/comments?post=3998"}],"version-history":[{"count":1,"href":"https:\/\/lifefm.ec\/index.php\/wp-json\/wp\/v2\/posts\/3998\/revisions"}],"predecessor-version":[{"id":4004,"href":"https:\/\/lifefm.ec\/index.php\/wp-json\/wp\/v2\/posts\/3998\/revisions\/4004"}],"wp:featuredmedia":[{"embeddable":true,"href":"https:\/\/lifefm.ec\/index.php\/wp-json\/wp\/v2\/media\/4002"}],"wp:attachment":[{"href":"https:\/\/lifefm.ec\/index.php\/wp-json\/wp\/v2\/media?parent=3998"}],"wp:term":[{"taxonomy":"category","embeddable":true,"href":"https:\/\/lifefm.ec\/index.php\/wp-json\/wp\/v2\/categories?post=3998"},{"taxonomy":"post_tag","embeddable":true,"href":"https:\/\/lifefm.ec\/index.php\/wp-json\/wp\/v2\/tags?post=3998"}],"curies":[{"name":"wp","href":"https:\/\/api.w.org\/{rel}","templated":true}]}}