{"id":3988,"date":"2024-03-13T10:39:08","date_gmt":"2024-03-13T15:39:08","guid":{"rendered":"https:\/\/lifefm.ec\/?p=3988"},"modified":"2024-03-13T10:39:08","modified_gmt":"2024-03-13T15:39:08","slug":"pamela-cortes-se-niega-a-descansar-por-el-dolor-que-experimenta-en-su-salud","status":"publish","type":"post","link":"https:\/\/lifefm.ec\/index.php\/2024\/03\/13\/pamela-cortes-se-niega-a-descansar-por-el-dolor-que-experimenta-en-su-salud\/","title":{"rendered":"PAMELA CORT\u00c9S SE NIEGA A DESCANSAR POR EL DOLOR QUE EXPERIMENTA EN SU SALUD"},"content":{"rendered":"<blockquote><p>La cantante ecuatoriana de 43 a\u00f1os sufri\u00f3 una Trombosis venosa profunda en el a\u00f1o 2022 y sigue recuperando su salud. Pamela Cort\u00e9s, la reconocida cantante guayaquile\u00f1a, ha compartido en redes sociales momentos de su proceso de recuperaci\u00f3n luego de ser diagnosticada con esta condici\u00f3n.<\/p><\/blockquote>\n<p>A trav\u00e9s de un video publicado en su cuenta personal de Instagram, la artista de 43 a\u00f1os comparti\u00f3 detalles sobre su estado de salud. En el clip, explic\u00f3 c\u00f3mo est\u00e1 avanzando su recuperaci\u00f3n y c\u00f3mo enfrenta los desaf\u00edos. \u00abMe han preguntado bastante sobre mis piernas y c\u00f3mo va mi situaci\u00f3n\u00bb, comparti\u00f3 Cort\u00e9s en el video.<\/p>\n<p>La cantautora tambi\u00e9n habl\u00f3 sobre el dolor cr\u00f3nico que experimenta como resultado de la trombosis venosa profunda, describi\u00e9ndolo como una discapacidad. A pesar de ello, se muestra decidida a no dejarse vencer por el dolor, utilizando un bast\u00f3n solo en casos de dolor insoportable. Adem\u00e1s, mencion\u00f3 su esperanza de que actividades como la nataci\u00f3n o el pilates puedan ayudarla a mejorar y tolerar mejor el dolor.<\/p>\n<p>En su publicaci\u00f3n, tambi\u00e9n mencion\u00f3 que est\u00e1 recibiendo tratamiento de acupuntura y sigue la medicaci\u00f3n recetada por su neur\u00f3logo, lo cual le est\u00e1 brindando alivio. Para ilustrar su proceso de recuperaci\u00f3n, comparti\u00f3 im\u00e1genes y videos realizando actividades como p\u00e1del y pilates con sus m\u00e1s de 527,000 seguidores en Instagram.<\/p>\n<p>F: El Universo<\/p>\n<p>#Life #LifeNoticias #RadioLife995FM #InformativoLife #Babahoyo #ThiIsLife #SintonizaLaVida<\/p>\n","protected":false},"excerpt":{"rendered":"<p>La cantante ecuatoriana de 43 a\u00f1os sufri\u00f3 una Trombosis venosa profunda en el a\u00f1o 2022 y sigue recuperando su salud. Pamela Cort\u00e9s, la reconocida cantante guayaquile\u00f1a, ha compartido en redes sociales momentos de su proceso de recuperaci\u00f3n luego de ser diagnosticada con esta condici\u00f3n. A trav\u00e9s de un video publicado en su cuenta personal de [&hellip;]<\/p>\n","protected":false},"author":1,"featured_media":3995,"comment_status":"open","ping_status":"closed","sticky":false,"template":"","format":"standard","meta":{"footnotes":""},"categories":[26],"tags":[],"class_list":["post-3988","post","type-post","status-publish","format-standard","has-post-thumbnail","hentry","category-entretenimiento"],"_links":{"self":[{"href":"https:\/\/lifefm.ec\/index.php\/wp-json\/wp\/v2\/posts\/3988","targetHints":{"allow":["GET"]}}],"collection":[{"href":"https:\/\/lifefm.ec\/index.php\/wp-json\/wp\/v2\/posts"}],"about":[{"href":"https:\/\/lifefm.ec\/index.php\/wp-json\/wp\/v2\/types\/post"}],"author":[{"embeddable":true,"href":"https:\/\/lifefm.ec\/index.php\/wp-json\/wp\/v2\/users\/1"}],"replies":[{"embeddable":true,"href":"https:\/\/lifefm.ec\/index.php\/wp-json\/wp\/v2\/comments?post=3988"}],"version-history":[{"count":1,"href":"https:\/\/lifefm.ec\/index.php\/wp-json\/wp\/v2\/posts\/3988\/revisions"}],"predecessor-version":[{"id":3997,"href":"https:\/\/lifefm.ec\/index.php\/wp-json\/wp\/v2\/posts\/3988\/revisions\/3997"}],"wp:featuredmedia":[{"embeddable":true,"href":"https:\/\/lifefm.ec\/index.php\/wp-json\/wp\/v2\/media\/3995"}],"wp:attachment":[{"href":"https:\/\/lifefm.ec\/index.php\/wp-json\/wp\/v2\/media?parent=3988"}],"wp:term":[{"taxonomy":"category","embeddable":true,"href":"https:\/\/lifefm.ec\/index.php\/wp-json\/wp\/v2\/categories?post=3988"},{"taxonomy":"post_tag","embeddable":true,"href":"https:\/\/lifefm.ec\/index.php\/wp-json\/wp\/v2\/tags?post=3988"}],"curies":[{"name":"wp","href":"https:\/\/api.w.org\/{rel}","templated":true}]}}