{"id":3899,"date":"2024-03-12T10:45:38","date_gmt":"2024-03-12T15:45:38","guid":{"rendered":"https:\/\/lifefm.ec\/?p=3899"},"modified":"2024-03-12T10:45:38","modified_gmt":"2024-03-12T15:45:38","slug":"lucero-lanza-el-insulto-ardido-a-su-exmarido-manuel-mijares-durante-un-concierto-en-vivo","status":"publish","type":"post","link":"https:\/\/lifefm.ec\/index.php\/2024\/03\/12\/lucero-lanza-el-insulto-ardido-a-su-exmarido-manuel-mijares-durante-un-concierto-en-vivo\/","title":{"rendered":"LUCERO LANZA EL INSULTO \u00abARDIDO\u00bb A SU EXMARIDO MANUEL MIJARES DURANTE UN CONCIERTO EN VIVO"},"content":{"rendered":"<blockquote>\n<p class=\"ReactMarkdownParser_TextContainer__RodgY\" data-testid=\"youchat-text\">Lucero y su exesposo Manuel Mijares protagonizaron un momento \u00abcontroversial\u00bb durante un concierto ofrecido por el artista en la Ciudad de M\u00e9xico.<\/p>\n<\/blockquote>\n<p class=\"ReactMarkdownParser_TextContainer__RodgY\" data-testid=\"youchat-text\">Seg\u00fan un video difundido por Univisi\u00f3n, la madre de sus dos hijos le grit\u00f3 \u00abardido\u00bb despu\u00e9s de que \u00e9l le dedicara la canci\u00f3n \u00abSi me ten\u00edas\u00bb, en la que deja en claro que ya no la extra\u00f1a. Recordemos que hace trece a\u00f1os la pareja tom\u00f3 la decisi\u00f3n de divorciarse. \u00abSe la voy a dedicar a Lucero que est\u00e1 aqu\u00ed\u00bb, dijo el artista ante miles de espectadores.<\/p>\n<p class=\"ReactMarkdownParser_TextContainer__RodgY\" data-testid=\"youchat-text\">\u00abEst\u00e1s ardido\u00bb, grit\u00f3 Lucero desde su asiento hacia Mijares. Al final, ella accedi\u00f3 a subir al escenario para cantar con Mijares, demostrando que todo fue una broma y que entre ellos existe una buena relaci\u00f3n de amistad.<\/p>\n","protected":false},"excerpt":{"rendered":"<p>Lucero y su exesposo Manuel Mijares protagonizaron un momento \u00abcontroversial\u00bb durante un concierto ofrecido por el artista en la Ciudad de M\u00e9xico. Seg\u00fan un video difundido por Univisi\u00f3n, la madre de sus dos hijos le grit\u00f3 \u00abardido\u00bb despu\u00e9s de que \u00e9l le dedicara la canci\u00f3n \u00abSi me ten\u00edas\u00bb, en la que deja en claro que [&hellip;]<\/p>\n","protected":false},"author":1,"featured_media":3906,"comment_status":"open","ping_status":"closed","sticky":false,"template":"","format":"standard","meta":{"footnotes":""},"categories":[26],"tags":[],"class_list":["post-3899","post","type-post","status-publish","format-standard","has-post-thumbnail","hentry","category-entretenimiento"],"_links":{"self":[{"href":"https:\/\/lifefm.ec\/index.php\/wp-json\/wp\/v2\/posts\/3899","targetHints":{"allow":["GET"]}}],"collection":[{"href":"https:\/\/lifefm.ec\/index.php\/wp-json\/wp\/v2\/posts"}],"about":[{"href":"https:\/\/lifefm.ec\/index.php\/wp-json\/wp\/v2\/types\/post"}],"author":[{"embeddable":true,"href":"https:\/\/lifefm.ec\/index.php\/wp-json\/wp\/v2\/users\/1"}],"replies":[{"embeddable":true,"href":"https:\/\/lifefm.ec\/index.php\/wp-json\/wp\/v2\/comments?post=3899"}],"version-history":[{"count":1,"href":"https:\/\/lifefm.ec\/index.php\/wp-json\/wp\/v2\/posts\/3899\/revisions"}],"predecessor-version":[{"id":3907,"href":"https:\/\/lifefm.ec\/index.php\/wp-json\/wp\/v2\/posts\/3899\/revisions\/3907"}],"wp:featuredmedia":[{"embeddable":true,"href":"https:\/\/lifefm.ec\/index.php\/wp-json\/wp\/v2\/media\/3906"}],"wp:attachment":[{"href":"https:\/\/lifefm.ec\/index.php\/wp-json\/wp\/v2\/media?parent=3899"}],"wp:term":[{"taxonomy":"category","embeddable":true,"href":"https:\/\/lifefm.ec\/index.php\/wp-json\/wp\/v2\/categories?post=3899"},{"taxonomy":"post_tag","embeddable":true,"href":"https:\/\/lifefm.ec\/index.php\/wp-json\/wp\/v2\/tags?post=3899"}],"curies":[{"name":"wp","href":"https:\/\/api.w.org\/{rel}","templated":true}]}}