{"id":3852,"date":"2024-03-11T12:23:46","date_gmt":"2024-03-11T17:23:46","guid":{"rendered":"https:\/\/lifefm.ec\/?p=3852"},"modified":"2024-03-11T12:23:46","modified_gmt":"2024-03-11T17:23:46","slug":"amistosos-que-vienen-bien-para-probarnos-felix-sanchez-bas-sobre-la-fecha-fifa-con-ecuador","status":"publish","type":"post","link":"https:\/\/lifefm.ec\/index.php\/2024\/03\/11\/amistosos-que-vienen-bien-para-probarnos-felix-sanchez-bas-sobre-la-fecha-fifa-con-ecuador\/","title":{"rendered":"&#8216;AMISTOSOS QUE VIENEN BIEN PARA PROBARNOS&#8217;: F\u00c9LIX S\u00c1NCHEZ BAS SOBRE LA FECHA FIFA CON ECUADOR"},"content":{"rendered":"<blockquote><p>La Tricolor medir\u00e1 a Guatemala e Italia en juegos a disputarse en Estados Unidos el 21 y 24 de marzo, preparatorios para la Copa Am\u00e9rica en junio.<\/p><\/blockquote>\n<p>Las primeras actuaciones de la selecci\u00f3n de Ecuador esta temporada est\u00e1n cerca, con dos amistosos a disputarse en Estados Unidos, como preparaci\u00f3n para lo que ser\u00e1 la Copa Am\u00e9rica de junio. La Tri mide a Guatemala el 21 de marzo y tres d\u00edas despu\u00e9s a Italia, partidos que pondr\u00e1n a \u201cprueba\u201d al equipo que dirige el espa\u00f1ol F\u00e9lix S\u00e1nchez Bas.<\/p>\n<p>Los compromisos se disputar\u00e1n en el estadio Red Bull Arena, en New Jersey. \u201cSer\u00e1n dos partidos muy buenos. Jugaremos contra un rival europeo, que no es nuestro contexto, pero es un rival de mucho nivel, que evidentemente nos va muy bien para probarnos\u201d, dijo el estratega.<\/p>\n<p>S\u00e1nchez Bas sigui\u00f3 el fin de semana los juegos de la Liga Pro, al tanto de la \u201cevoluci\u00f3n\u201d de los que pueden llegar a integrar la selecci\u00f3n en esta fecha FIFA. El domingo asisti\u00f3 al duelo entre Cumbay\u00e1 FC y Liga de Quito, con triunfo 3-1 de los albos en el estadio Atahualpa, donde adelant\u00f3 que la citaci\u00f3n para la Tri estar\u00eda lista esta semana.<\/p>\n<p>\u201cLa convocatoria saldr\u00e1 una vez que finalice esta fecha de fin de semana. Acabamos de comprobar c\u00f3mo est\u00e1n algunos de los muchachos y pronto esta semana va a estar lista\u201d, apunt\u00f3 el seleccionador nacional.<\/p>\n<p>F: El Universo<\/p>\n<p>#Life #LifeNoticias #RadioLife995FM #InformativoLife #Babahoyo #ThiIsLife #SintonizaLaVida<\/p>\n","protected":false},"excerpt":{"rendered":"<p>La Tricolor medir\u00e1 a Guatemala e Italia en juegos a disputarse en Estados Unidos el 21 y 24 de marzo, preparatorios para la Copa Am\u00e9rica en junio. Las primeras actuaciones de la selecci\u00f3n de Ecuador esta temporada est\u00e1n cerca, con dos amistosos a disputarse en Estados Unidos, como preparaci\u00f3n para lo que ser\u00e1 la Copa [&hellip;]<\/p>\n","protected":false},"author":1,"featured_media":3853,"comment_status":"open","ping_status":"closed","sticky":false,"template":"","format":"standard","meta":{"footnotes":""},"categories":[25],"tags":[],"class_list":["post-3852","post","type-post","status-publish","format-standard","has-post-thumbnail","hentry","category-deportes"],"_links":{"self":[{"href":"https:\/\/lifefm.ec\/index.php\/wp-json\/wp\/v2\/posts\/3852","targetHints":{"allow":["GET"]}}],"collection":[{"href":"https:\/\/lifefm.ec\/index.php\/wp-json\/wp\/v2\/posts"}],"about":[{"href":"https:\/\/lifefm.ec\/index.php\/wp-json\/wp\/v2\/types\/post"}],"author":[{"embeddable":true,"href":"https:\/\/lifefm.ec\/index.php\/wp-json\/wp\/v2\/users\/1"}],"replies":[{"embeddable":true,"href":"https:\/\/lifefm.ec\/index.php\/wp-json\/wp\/v2\/comments?post=3852"}],"version-history":[{"count":1,"href":"https:\/\/lifefm.ec\/index.php\/wp-json\/wp\/v2\/posts\/3852\/revisions"}],"predecessor-version":[{"id":3855,"href":"https:\/\/lifefm.ec\/index.php\/wp-json\/wp\/v2\/posts\/3852\/revisions\/3855"}],"wp:featuredmedia":[{"embeddable":true,"href":"https:\/\/lifefm.ec\/index.php\/wp-json\/wp\/v2\/media\/3853"}],"wp:attachment":[{"href":"https:\/\/lifefm.ec\/index.php\/wp-json\/wp\/v2\/media?parent=3852"}],"wp:term":[{"taxonomy":"category","embeddable":true,"href":"https:\/\/lifefm.ec\/index.php\/wp-json\/wp\/v2\/categories?post=3852"},{"taxonomy":"post_tag","embeddable":true,"href":"https:\/\/lifefm.ec\/index.php\/wp-json\/wp\/v2\/tags?post=3852"}],"curies":[{"name":"wp","href":"https:\/\/api.w.org\/{rel}","templated":true}]}}