{"id":3777,"date":"2024-03-11T09:38:05","date_gmt":"2024-03-11T14:38:05","guid":{"rendered":"https:\/\/lifefm.ec\/?p=3777"},"modified":"2024-03-11T09:38:05","modified_gmt":"2024-03-11T14:38:05","slug":"informe-medico-alentador-de-richard-carapaz-tras-caida-en-tirreno-adriatico","status":"publish","type":"post","link":"https:\/\/lifefm.ec\/index.php\/2024\/03\/11\/informe-medico-alentador-de-richard-carapaz-tras-caida-en-tirreno-adriatico\/","title":{"rendered":"INFORME M\u00c9DICO ALENTADOR DE RICHARD CARAPAZ TRAS CA\u00cdDA EN TIRRENO-ADRI\u00c1TICO"},"content":{"rendered":"<blockquote><p>Duro inicio de temporada para el ciclista ecuatoriano Richard Carapaz, con ca\u00eddas en sus \u00faltimas competencias, la m\u00e1s reciente, una que lo dej\u00f3 fuera en la etapa final de la Tirreno Adri\u00e1tico, prueba italiana que cerr\u00f3 este domingo.<\/p><\/blockquote>\n<p>El carchense lleva tres pruebas en Europa este 2024. Arranc\u00f3 con O Gran Cami\u00f1o (Espa\u00f1a), sigui\u00f3 con Strade Bianche (Italia), en la que ya tuvo un susto en competencia, pero en Tirreno Adri\u00e1tico lleg\u00f3 lo peor, una ca\u00edda en medio del pelot\u00f3n que prendi\u00f3 alarmas en el EF Education-EasyPost y trajo a la memoria la ca\u00edda que lo dej\u00f3 fuera del Tour de Francia la pasada temporada.<\/p>\n<p>A falta de 23 kil\u00f3metros para la meta, Carapaz rodaba por el costado izquierdo del pelot\u00f3n y tuvo un aparente contacto con otro corredor, el ecuatoriano sufri\u00f3 una ca\u00edda aparatosa sobre el hombro izquierdo, para quedar luego tendido sobre el asfalto.<\/p>\n<p>El ecuatoriano recibi\u00f3 asistencia m\u00e9dica y fue trasladado a una casa de salud, con el consecuente abandono de la competencia, en la que durante la tercera jornada llev\u00f3 el maillot de l\u00edder de monta\u00f1a, aunque estuvo lejos de pelear el podio general.<\/p>\n<p>La escuadra del campe\u00f3n ol\u00edmpico emiti\u00f3 un informe que en primera instancia es alentador de cara a la continuaci\u00f3n de la temporada y su m\u00e1ximo objetivo que se enfoca en su actuaci\u00f3n para el Tour.<\/p>\n<p>\u201cRichard Carapaz sufri\u00f3 abrasiones despu\u00e9s de su accidente en Tirreno-Adri\u00e1tico, pero las radiograf\u00edas no encontraron signos de fractura o dislocaci\u00f3n. Continuaremos monitoreando su condici\u00f3n durante los pr\u00f3ximos d\u00edas. Sana, campe\u00f3n\u201d, public\u00f3 el EF.<\/p>\n<p>Con este informe, todo apunta a que no se altera su calendario en la primera parte de la temporada y que estar\u00eda en la Itzulia Basque Country, prueba en suelo espa\u00f1ol entre el 1 y 6 de abril.<\/p>\n<p>Para el pr\u00f3ximo mes, el tricolor est\u00e1 anunciado adem\u00e1s en carreras de Pa\u00edses, Bajos, B\u00e9lgica y Suiza, con Amstel Gold Race, Flecha Valona, Lieja-Basto\u00f1a-Lieja y el Tour de Normand\u00eda.<\/p>\n<p>F: El Universo<\/p>\n<p>#Life #LifeNoticias #RadioLife995FM #InformativoLife #Babahoyo #ThiIsLife #SintonizaLaVida<\/p>\n","protected":false},"excerpt":{"rendered":"<p>Duro inicio de temporada para el ciclista ecuatoriano Richard Carapaz, con ca\u00eddas en sus \u00faltimas competencias, la m\u00e1s reciente, una que lo dej\u00f3 fuera en la etapa final de la Tirreno Adri\u00e1tico, prueba italiana que cerr\u00f3 este domingo. El carchense lleva tres pruebas en Europa este 2024. Arranc\u00f3 con O Gran Cami\u00f1o (Espa\u00f1a), sigui\u00f3 con [&hellip;]<\/p>\n","protected":false},"author":1,"featured_media":3780,"comment_status":"open","ping_status":"closed","sticky":false,"template":"","format":"standard","meta":{"footnotes":""},"categories":[25],"tags":[],"class_list":["post-3777","post","type-post","status-publish","format-standard","has-post-thumbnail","hentry","category-deportes"],"_links":{"self":[{"href":"https:\/\/lifefm.ec\/index.php\/wp-json\/wp\/v2\/posts\/3777","targetHints":{"allow":["GET"]}}],"collection":[{"href":"https:\/\/lifefm.ec\/index.php\/wp-json\/wp\/v2\/posts"}],"about":[{"href":"https:\/\/lifefm.ec\/index.php\/wp-json\/wp\/v2\/types\/post"}],"author":[{"embeddable":true,"href":"https:\/\/lifefm.ec\/index.php\/wp-json\/wp\/v2\/users\/1"}],"replies":[{"embeddable":true,"href":"https:\/\/lifefm.ec\/index.php\/wp-json\/wp\/v2\/comments?post=3777"}],"version-history":[{"count":1,"href":"https:\/\/lifefm.ec\/index.php\/wp-json\/wp\/v2\/posts\/3777\/revisions"}],"predecessor-version":[{"id":3781,"href":"https:\/\/lifefm.ec\/index.php\/wp-json\/wp\/v2\/posts\/3777\/revisions\/3781"}],"wp:featuredmedia":[{"embeddable":true,"href":"https:\/\/lifefm.ec\/index.php\/wp-json\/wp\/v2\/media\/3780"}],"wp:attachment":[{"href":"https:\/\/lifefm.ec\/index.php\/wp-json\/wp\/v2\/media?parent=3777"}],"wp:term":[{"taxonomy":"category","embeddable":true,"href":"https:\/\/lifefm.ec\/index.php\/wp-json\/wp\/v2\/categories?post=3777"},{"taxonomy":"post_tag","embeddable":true,"href":"https:\/\/lifefm.ec\/index.php\/wp-json\/wp\/v2\/tags?post=3777"}],"curies":[{"name":"wp","href":"https:\/\/api.w.org\/{rel}","templated":true}]}}