{"id":3734,"date":"2024-03-08T11:01:11","date_gmt":"2024-03-08T16:01:11","guid":{"rendered":"https:\/\/lifefm.ec\/?p=3734"},"modified":"2024-03-08T11:01:11","modified_gmt":"2024-03-08T16:01:11","slug":"la-gala-de-premiacion-del-salon-de-la-mujer-2024-tendra-lugar-en-el-dia-internacional-de-la-mujer","status":"publish","type":"post","link":"https:\/\/lifefm.ec\/index.php\/2024\/03\/08\/la-gala-de-premiacion-del-salon-de-la-mujer-2024-tendra-lugar-en-el-dia-internacional-de-la-mujer\/","title":{"rendered":"LA GALA DE PREMIACI\u00d3N DEL SAL\u00d3N DE LA MUJER 2024 TENDR\u00c1 LUGAR EN EL D\u00cdA INTERNACIONAL DE LA MUJER"},"content":{"rendered":"<blockquote><p>La 25\u00aa edici\u00f3n del Sal\u00f3n de la Mujer se llevar\u00e1 a cabo este viernes, 8 de marzo, conmemorando el D\u00eda Internacional de la Mujer.<\/p><\/blockquote>\n<p>El evento se realizar\u00e1 en la Casa de la Cultura Ecuatoriana, n\u00facleo del Guayas, bajo el inspirador lema \u00abResisto, camino y creo\u00bb. Este a\u00f1o, la tem\u00e1tica de las obras seleccionadas se centrar\u00e1 en reflexiones sobre la violencia en Ecuador.<\/p>\n<p>Una novedad destacada es la inclusi\u00f3n por primera vez del arte urbano, con la convocatoria muralista que formar\u00e1 parte integral del Sal\u00f3n. Esta edici\u00f3n se ha abierto a creadoras de todo el pa\u00eds, fomentando reflexiones en torno a procesos de luchas sociales, colectivas, comunitarias, as\u00ed como personales e individuales, plasmadas en sus obras.<\/p>\n<p>La instituci\u00f3n, en un comunicado, describe este evento como un hito hist\u00f3rico que genera una experiencia extramuros y un di\u00e1logo con el entorno, eliminando la brecha epist\u00e9mica y est\u00e9tica entre el arte de caballete y las manifestaciones callejeras.<\/p>\n<p>En total, se recibieron 55 obras en formato bidimensional y 17 propuestas de arte callejero, de las cuales se seleccionaron 23 para la exposici\u00f3n. Participar\u00e1n mujeres artistas de tres regiones en esta edici\u00f3n.<\/p>\n<p>El primer lugar en la categor\u00eda Sal\u00f3n de la Mujer, con un premio de $3,000, y la ganadora en la categor\u00eda Premio Sal\u00f3n de la Mujer-Arte, Mujeres y Espacio P\u00fablico, con un premio de $1,500, ser\u00e1n anunciadas durante la inauguraci\u00f3n el viernes, 8 de marzo, a las 17:00 en el museo Manuel Rend\u00f3n Seminario, ubicado en el primer piso de la instituci\u00f3n.<\/p>\n<p>F: El Universo<\/p>\n<p>#Life #LifeNoticias #RadioLife995FM #InformativoLife #Babahoyo #ThiIsLife #SintonizaLaVida<\/p>\n","protected":false},"excerpt":{"rendered":"<p>La 25\u00aa edici\u00f3n del Sal\u00f3n de la Mujer se llevar\u00e1 a cabo este viernes, 8 de marzo, conmemorando el D\u00eda Internacional de la Mujer. El evento se realizar\u00e1 en la Casa de la Cultura Ecuatoriana, n\u00facleo del Guayas, bajo el inspirador lema \u00abResisto, camino y creo\u00bb. Este a\u00f1o, la tem\u00e1tica de las obras seleccionadas se [&hellip;]<\/p>\n","protected":false},"author":1,"featured_media":3735,"comment_status":"open","ping_status":"closed","sticky":false,"template":"","format":"standard","meta":{"footnotes":""},"categories":[26],"tags":[],"class_list":["post-3734","post","type-post","status-publish","format-standard","has-post-thumbnail","hentry","category-entretenimiento"],"_links":{"self":[{"href":"https:\/\/lifefm.ec\/index.php\/wp-json\/wp\/v2\/posts\/3734","targetHints":{"allow":["GET"]}}],"collection":[{"href":"https:\/\/lifefm.ec\/index.php\/wp-json\/wp\/v2\/posts"}],"about":[{"href":"https:\/\/lifefm.ec\/index.php\/wp-json\/wp\/v2\/types\/post"}],"author":[{"embeddable":true,"href":"https:\/\/lifefm.ec\/index.php\/wp-json\/wp\/v2\/users\/1"}],"replies":[{"embeddable":true,"href":"https:\/\/lifefm.ec\/index.php\/wp-json\/wp\/v2\/comments?post=3734"}],"version-history":[{"count":1,"href":"https:\/\/lifefm.ec\/index.php\/wp-json\/wp\/v2\/posts\/3734\/revisions"}],"predecessor-version":[{"id":3736,"href":"https:\/\/lifefm.ec\/index.php\/wp-json\/wp\/v2\/posts\/3734\/revisions\/3736"}],"wp:featuredmedia":[{"embeddable":true,"href":"https:\/\/lifefm.ec\/index.php\/wp-json\/wp\/v2\/media\/3735"}],"wp:attachment":[{"href":"https:\/\/lifefm.ec\/index.php\/wp-json\/wp\/v2\/media?parent=3734"}],"wp:term":[{"taxonomy":"category","embeddable":true,"href":"https:\/\/lifefm.ec\/index.php\/wp-json\/wp\/v2\/categories?post=3734"},{"taxonomy":"post_tag","embeddable":true,"href":"https:\/\/lifefm.ec\/index.php\/wp-json\/wp\/v2\/tags?post=3734"}],"curies":[{"name":"wp","href":"https:\/\/api.w.org\/{rel}","templated":true}]}}